{"id":861,"date":"2018-06-21T15:19:24","date_gmt":"2018-06-21T13:19:24","guid":{"rendered":"http:\/\/karwodrza.pl\/?p=861"},"modified":"2018-06-21T15:19:24","modified_gmt":"2018-06-21T13:19:24","slug":"odbylo-sie-spotkanie-w-starostwie-w-sprawie-rozbudowy-drogi-przez-karwodrze","status":"publish","type":"post","link":"https:\/\/karwodrza.pl\/index.php\/2018\/06\/21\/odbylo-sie-spotkanie-w-starostwie-w-sprawie-rozbudowy-drogi-przez-karwodrze\/","title":{"rendered":"Odby\u0142o si\u0119 spotkanie w Starostwie w sprawie rozbudowy drogi przez Karwodrz\u0119."},"content":{"rendered":"<h4 style=\"text-align: center;\"><span style=\"color: #000080;\">Dzi\u015b o godz. 12:00 w Starostwie Powiatowym w Tarnowie odby\u0142o si\u0119 spotkanie zwi\u0105zane z opracowanym projektem rozbudowy drogi powiatowej Skrzysz\u00f3w &#8211; Karwodrza.<\/span><\/h4>\n<h4 style=\"text-align: center;\"><span style=\"color: #000080;\">W spotkaniu uczestniczyli: Pan Starosta, Dyrektor oraz urz\u0119dnicy PZD, inwestor wraz z projektantem, Burmistrz Tuchowa, So\u0142tys Trzemesnej oraz przedstawiciele mieszka\u0144c\u00f3w Karwodrzy (radny Marek Krzemie\u0144, so\u0142tys Kazimierz Gawrya\u0142 i \u0141ukasz W\u0142odarz z SMK).<\/span><\/h4>\n<h4 style=\"text-align: center;\"><span style=\"color: #000080;\">Spotkanie by\u0142o konkretne i merytoryczne. Zosta\u0142y nam przedstawione bardziej szczeg\u00f3\u0142owe za\u0142o\u017cenia przebudowy oraz pokazane i om\u00f3wione mapy Karwodrzy i Trzemesnej z naniesion\u0105 now\u0105 drog\u0105. Z map oraz zapewnie\u0144 Starostwa i wykonawcy wynika, i\u017c nowa droga b\u0119dzie maksymalnie mo\u017cliwie pokrywa si\u0119 z aktualn\u0105, a ingerencje w istniej\u0105c\u0105 aktualnie infrastruktur\u0119 maj\u0105 ograniczy\u0107 si\u0119 do niezb\u0119dnego minimum.<\/span><\/h4>\n<h4 style=\"text-align: center;\"><span style=\"color: #000080;\">Kolejne robocze spotkanie ma odby\u0107 si\u0119 w Starostwie w momencie, gdy szczeg\u00f3\u0142y projektu zostan\u0105 ostatecznie zatwierdzone. Obiecano nam r\u00f3wnie\u017c, \u017ce wtedy b\u0119d\u0105 mo\u017cliwe indywidualne spotkania z mieszka\u0144cami Karwodrzy zainteresowanymi stricte przebiegiem drogi przy ich gospodarstwie domowym.<\/span><\/h4>\n<h4 style=\"text-align: center;\"><span style=\"color: #000080;\">Dzi\u0119kuj\u0105c Panu Staro\u015bcie za zorganizowanie dzisiejszego spotkania, \u017cywi\u0119 nadziej\u0119 na dobr\u0105 wsp\u00f3\u0142prac\u0119 pomi\u0119dzy ka\u017cd\u0105 ze stron inwestycji, a mieszka\u0144cami. Zadbajmy o dobry przep\u0142yw informacji, wsp\u00f3\u0142prac\u0119 jak r\u00f3wny z r\u00f3wnym i wzajemny szacunek.<\/span><\/h4>\n<h4 style=\"text-align: center;\"><span style=\"color: #000080;\">Z pozdrowieniami.<\/span><\/h4>\n<h4 style=\"text-align: center;\"><span style=\"color: #000080;\">\u0141W &#8211; SMK<\/span><\/h4>\n<p><img loading=\"lazy\" decoding=\"async\" class=\"aligncenter wp-image-856 size-full\" src=\"https:\/\/karwodrza.pl\/wp-content\/uploads\/2018\/06\/Starosta-3.jpeg\" alt=\"\" width=\"1700\" height=\"2338\" srcset=\"https:\/\/karwodrza.pl\/wp-content\/uploads\/2018\/06\/Starosta-3.jpeg 1700w, https:\/\/karwodrza.pl\/wp-content\/uploads\/2018\/06\/Starosta-3-218x300.jpeg 218w, https:\/\/karwodrza.pl\/wp-content\/uploads\/2018\/06\/Starosta-3-768x1056.jpeg 768w, https:\/\/karwodrza.pl\/wp-content\/uploads\/2018\/06\/Starosta-3-745x1024.jpeg 745w, https:\/\/karwodrza.pl\/wp-content\/uploads\/2018\/06\/Starosta-3-196x270.jpeg 196w\" sizes=\"auto, (max-width: 1700px) 100vw, 1700px\" \/><\/p>\n","protected":false},"excerpt":{"rendered":"<p>Dzi\u015b o godz. 12:00 w Starostwie Powiatowym w Tarnowie odby\u0142o si\u0119 spotkanie zwi\u0105zane z opracowanym projektem rozbudowy drogi powiatowej Skrzysz\u00f3w &#8211; Karwodrza. W spotkaniu uczestniczyli: Pan Starosta, Dyrektor oraz urz\u0119dnicy PZD, inwestor wraz z projektantem, Burmistrz Tuchowa, So\u0142tys Trzemesnej oraz przedstawiciele mieszka\u0144c\u00f3w Karwodrzy (radny Marek Krzemie\u0144, so\u0142tys Kazimierz Gawrya\u0142 i \u0141ukasz W\u0142odarz z SMK). Spotkanie&hellip; <br \/> <a class=\"read-more\" href=\"https:\/\/karwodrza.pl\/index.php\/2018\/06\/21\/odbylo-sie-spotkanie-w-starostwie-w-sprawie-rozbudowy-drogi-przez-karwodrze\/\">Dowiedz si\u0119 wi\u0119cej<\/a><\/p>\n","protected":false},"author":2,"featured_media":0,"comment_status":"open","ping_status":"open","sticky":false,"template":"","format":"standard","meta":{"footnotes":""},"categories":[1],"tags":[],"class_list":["post-861","post","type-post","status-publish","format-standard","hentry","category-bez-kategorii"],"_links":{"self":[{"href":"https:\/\/karwodrza.pl\/index.php\/wp-json\/wp\/v2\/posts\/861","targetHints":{"allow":["GET"]}}],"collection":[{"href":"https:\/\/karwodrza.pl\/index.php\/wp-json\/wp\/v2\/posts"}],"about":[{"href":"https:\/\/karwodrza.pl\/index.php\/wp-json\/wp\/v2\/types\/post"}],"author":[{"embeddable":true,"href":"https:\/\/karwodrza.pl\/index.php\/wp-json\/wp\/v2\/users\/2"}],"replies":[{"embeddable":true,"href":"https:\/\/karwodrza.pl\/index.php\/wp-json\/wp\/v2\/comments?post=861"}],"version-history":[{"count":1,"href":"https:\/\/karwodrza.pl\/index.php\/wp-json\/wp\/v2\/posts\/861\/revisions"}],"predecessor-version":[{"id":862,"href":"https:\/\/karwodrza.pl\/index.php\/wp-json\/wp\/v2\/posts\/861\/revisions\/862"}],"wp:attachment":[{"href":"https:\/\/karwodrza.pl\/index.php\/wp-json\/wp\/v2\/media?parent=861"}],"wp:term":[{"taxonomy":"category","embeddable":true,"href":"https:\/\/karwodrza.pl\/index.php\/wp-json\/wp\/v2\/categories?post=861"},{"taxonomy":"post_tag","embeddable":true,"href":"https:\/\/karwodrza.pl\/index.php\/wp-json\/wp\/v2\/tags?post=861"}],"curies":[{"name":"wp","href":"https:\/\/api.w.org\/{rel}","templated":true}]}}