{"id":804,"date":"2018-05-11T09:42:00","date_gmt":"2018-05-11T07:42:00","guid":{"rendered":"http:\/\/karwodrza.pl\/?p=804"},"modified":"2018-05-11T09:42:00","modified_gmt":"2018-05-11T07:42:00","slug":"bieg-burzynski-dla-dzieci-zrobmy-zespol-dzieci-z-karwodrzy","status":"publish","type":"post","link":"https:\/\/karwodrza.pl\/index.php\/2018\/05\/11\/bieg-burzynski-dla-dzieci-zrobmy-zespol-dzieci-z-karwodrzy\/","title":{"rendered":"Bieg Burzy\u0144ski dla dzieci &#8211; zr\u00f3bmy zesp\u00f3\u0142 dzieci z Karwodrzy"},"content":{"rendered":"<p><b>Zapraszamy na Bieg Burzy\u0144ski dla Dzieci!<\/b><\/p>\n<p><b>Organizator<\/b><\/p>\n<p>\u2013 LKS Burzyn<\/p>\n<p>&nbsp;<\/p>\n<p><strong>TERMIN I MIEJSCE:<\/strong><\/p>\n<ul>\n<li><strong>3 czerwca 2017r. (niedziela)\u00a0<\/strong><\/li>\n<li>Burzyn \u2013 Start i Meta (Stadion LKS BURZYN)<\/li>\n<li>Biuro zawod\u00f3w: od 12:00<\/li>\n<li>Rozpocz\u0119cie Bieg\u00f3w Dzieci: od 14:00\u00a0 (co 15 min serie wiekowe)<\/li>\n<\/ul>\n<p>Biuro zawod\u00f3w b\u0119dzie znajdowa\u0107 si\u0119 w Zespole Szk\u00f3\u0142 w Burzynie (obok stadionu LKS Burzyn)<\/p>\n<p>&nbsp;<\/p>\n<p><strong>Godz. 14.00 \u2013 15.00 \u2013 Biegi dzieci i m\u0142odzie\u017cy<\/strong><br \/>\n\u2022 dystans 100 m. dla przedszkolak\u00f3w (od 4 lat \u2013 do 6 lat) \/dziewcz\u0119ta i ch\u0142opcy\/<br \/>\n\u2022 dystans 250 m. dla uczni\u00f3w I \u2013 III klasa \/dziewcz\u0119ta i ch\u0142opcy\/ (1 okr\u0105\u017cenie wok\u00f3\u0142 stadionu)<br \/>\n\u2022 dystans 500 m. dla uczni\u00f3w IV \u2013 VI klasa \/dziewcz\u0119ta i ch\u0142opcy\/ (2 okr\u0105\u017cenia wok\u00f3\u0142 stadionu)<br \/>\n\u2022 dystans 750-1000 m. dla uczni\u00f3w gimnazjum, klasy I-III \/dziewcz\u0119ta i ch\u0142opcy\/<\/p>\n<p><b>Udzia\u0142 w biegach dla dzieci i m\u0142odzie\u017cy \u2013 jest DARMOWY.<\/b><\/p>\n<p>&nbsp;<\/p>\n<p><b>W biegach dzieci i m\u0142odzie\u017cy obowi\u0105zuje limit 200 zg\u0142osze\u0144.<\/b><\/p>\n<p style=\"text-align: center;\"><strong>Zapiszcie swoje dzieci z Karwodrzy i stw\u00f3rzmy Team Karwodrza!<\/p>\n<p>Zapisy:\u00a0<\/strong><\/p>\n<div class='embed-container'>\n<blockquote class=\"wp-embedded-content\" data-secret=\"oTNcf6zZtv\"><p><a href=\"https:\/\/biegimalopolska.pl\/burzyn\/\">Pog\u00f3rza\u0144skie Biegi Rodzinne &#8211; Burzyn<\/a><\/p><\/blockquote>\n<p><iframe loading=\"lazy\" class=\"wp-embedded-content\" sandbox=\"allow-scripts\" security=\"restricted\" style=\"position: absolute; clip: rect(1px, 1px, 1px, 1px);\" title=\"&#8222;Pog\u00f3rza\u0144skie Biegi Rodzinne &#8211; Burzyn&#8221; &#8212; Pog\u00f3rza\u0144skie Biegi Rodzinne\" src=\"https:\/\/biegimalopolska.pl\/burzyn\/embed\/#?secret=oTNcf6zZtv\" data-secret=\"oTNcf6zZtv\" width=\"600\" height=\"338\" frameborder=\"0\" marginwidth=\"0\" marginheight=\"0\" scrolling=\"no\"><\/iframe><\/div>\n<p><img loading=\"lazy\" decoding=\"async\" class=\"alignnone size-full wp-image-1536 aligncenter\" src=\"http:\/\/www.powietrzetuchow.pl\/wp-content\/uploads\/2018\/05\/logo.jpg\" alt=\"\" width=\"360\" height=\"105\" \/><\/p>\n","protected":false},"excerpt":{"rendered":"<p>Zapraszamy na Bieg Burzy\u0144ski dla Dzieci! Organizator \u2013 LKS Burzyn &nbsp; TERMIN I MIEJSCE: 3 czerwca 2017r. (niedziela)\u00a0 Burzyn \u2013 Start i Meta (Stadion LKS BURZYN) Biuro zawod\u00f3w: od 12:00 Rozpocz\u0119cie Bieg\u00f3w Dzieci: od 14:00\u00a0 (co 15 min serie wiekowe) Biuro zawod\u00f3w b\u0119dzie znajdowa\u0107 si\u0119 w Zespole Szk\u00f3\u0142 w Burzynie (obok stadionu LKS Burzyn) &nbsp;&hellip; <br \/> <a class=\"read-more\" href=\"https:\/\/karwodrza.pl\/index.php\/2018\/05\/11\/bieg-burzynski-dla-dzieci-zrobmy-zespol-dzieci-z-karwodrzy\/\">Dowiedz si\u0119 wi\u0119cej<\/a><\/p>\n","protected":false},"author":2,"featured_media":0,"comment_status":"open","ping_status":"open","sticky":false,"template":"","format":"standard","meta":{"footnotes":""},"categories":[1],"tags":[],"class_list":["post-804","post","type-post","status-publish","format-standard","hentry","category-bez-kategorii"],"_links":{"self":[{"href":"https:\/\/karwodrza.pl\/index.php\/wp-json\/wp\/v2\/posts\/804","targetHints":{"allow":["GET"]}}],"collection":[{"href":"https:\/\/karwodrza.pl\/index.php\/wp-json\/wp\/v2\/posts"}],"about":[{"href":"https:\/\/karwodrza.pl\/index.php\/wp-json\/wp\/v2\/types\/post"}],"author":[{"embeddable":true,"href":"https:\/\/karwodrza.pl\/index.php\/wp-json\/wp\/v2\/users\/2"}],"replies":[{"embeddable":true,"href":"https:\/\/karwodrza.pl\/index.php\/wp-json\/wp\/v2\/comments?post=804"}],"version-history":[{"count":1,"href":"https:\/\/karwodrza.pl\/index.php\/wp-json\/wp\/v2\/posts\/804\/revisions"}],"predecessor-version":[{"id":806,"href":"https:\/\/karwodrza.pl\/index.php\/wp-json\/wp\/v2\/posts\/804\/revisions\/806"}],"wp:attachment":[{"href":"https:\/\/karwodrza.pl\/index.php\/wp-json\/wp\/v2\/media?parent=804"}],"wp:term":[{"taxonomy":"category","embeddable":true,"href":"https:\/\/karwodrza.pl\/index.php\/wp-json\/wp\/v2\/categories?post=804"},{"taxonomy":"post_tag","embeddable":true,"href":"https:\/\/karwodrza.pl\/index.php\/wp-json\/wp\/v2\/tags?post=804"}],"curies":[{"name":"wp","href":"https:\/\/api.w.org\/{rel}","templated":true}]}}