{"id":660,"date":"2018-03-31T13:30:55","date_gmt":"2018-03-31T11:30:55","guid":{"rendered":"http:\/\/karwodrza.pl\/?p=660"},"modified":"2018-04-04T12:31:08","modified_gmt":"2018-04-04T10:31:08","slug":"wielkanoc-2018-w-karwodrzy","status":"publish","type":"post","link":"https:\/\/karwodrza.pl\/index.php\/2018\/03\/31\/wielkanoc-2018-w-karwodrzy\/","title":{"rendered":"Wielkanoc 2018 w Karwodrzy  :)"},"content":{"rendered":"<h3 style=\"text-align: center;\"><span style=\"color: #008000;\">Alleluja, Alleluja!<\/span><br \/>\n<span style=\"color: #008000;\">Weso\u0142y nam dzi\u015b dzie\u0144 nasta\u0142, Chrystus bowiem zmartwychwsta\u0142. Radujcie si\u0119 wi\u0119c i z ufno\u015bci\u0105 patrzcie w przysz\u0142o\u015b\u0107. Niech zsy\u0142a na Was \u0142aski i wnosi szcz\u0119\u015bcie do Waszego rodzinnego \u017cycia.<\/span><br \/>\n<span style=\"color: #008000;\">Z okazji \u015awi\u0105t Wielkiej Nocy \u017cyczy Stowarzyszenie Mi\u0142o\u015bnik\u00f3w Karwodrzy.<\/span><br \/>\n<span style=\"color: #008000;\">I z tej okazji Karwodrza w Triduum Paschalnym:<\/span><br \/>\n<span style=\"color: #008000;\">Wielki Pi\u0105tek:<span class=\"text_exposed_show\"><br \/>\n&#8211; Droga Krzy\u017cowa &#8211; mieszka\u0144cy Karwodrzy nios\u0105 Krzy\u017c<br \/>\n&#8211; Stra\u017c przy Bo\u017cym Grobie<br \/>\nWielka Sobota:<br \/>\n&#8211; \u015awi\u0119cenie pokarm\u00f3w w Domu Stra\u017caka w Karwodrzy<br \/>\nFot. Jan Gawrya\u0142<\/span><\/span><\/h3>\n<p><img loading=\"lazy\" decoding=\"async\" class=\"aligncenter wp-image-661 size-full\" src=\"https:\/\/karwodrza.pl\/wp-content\/uploads\/2018\/03\/IMG_7589_resize.jpg\" alt=\"\" width=\"2074\" height=\"1555\" srcset=\"https:\/\/karwodrza.pl\/wp-content\/uploads\/2018\/03\/IMG_7589_resize.jpg 2074w, https:\/\/karwodrza.pl\/wp-content\/uploads\/2018\/03\/IMG_7589_resize-300x225.jpg 300w, https:\/\/karwodrza.pl\/wp-content\/uploads\/2018\/03\/IMG_7589_resize-768x576.jpg 768w, https:\/\/karwodrza.pl\/wp-content\/uploads\/2018\/03\/IMG_7589_resize-1024x768.jpg 1024w, https:\/\/karwodrza.pl\/wp-content\/uploads\/2018\/03\/IMG_7589_resize-360x270.jpg 360w\" sizes=\"auto, (max-width: 2074px) 100vw, 2074px\" \/> <img loading=\"lazy\" decoding=\"async\" class=\"aligncenter wp-image-662 size-full\" src=\"https:\/\/karwodrza.pl\/wp-content\/uploads\/2018\/03\/IMG_7593_resize.jpg\" alt=\"\" width=\"2074\" height=\"1555\" srcset=\"https:\/\/karwodrza.pl\/wp-content\/uploads\/2018\/03\/IMG_7593_resize.jpg 2074w, https:\/\/karwodrza.pl\/wp-content\/uploads\/2018\/03\/IMG_7593_resize-300x225.jpg 300w, https:\/\/karwodrza.pl\/wp-content\/uploads\/2018\/03\/IMG_7593_resize-768x576.jpg 768w, https:\/\/karwodrza.pl\/wp-content\/uploads\/2018\/03\/IMG_7593_resize-1024x768.jpg 1024w, https:\/\/karwodrza.pl\/wp-content\/uploads\/2018\/03\/IMG_7593_resize-360x270.jpg 360w\" sizes=\"auto, (max-width: 2074px) 100vw, 2074px\" \/> <img loading=\"lazy\" decoding=\"async\" class=\"aligncenter wp-image-663 size-full\" src=\"https:\/\/karwodrza.pl\/wp-content\/uploads\/2018\/03\/IMG_7595_resize.jpg\" alt=\"\" width=\"1840\" height=\"1380\" srcset=\"https:\/\/karwodrza.pl\/wp-content\/uploads\/2018\/03\/IMG_7595_resize.jpg 1840w, https:\/\/karwodrza.pl\/wp-content\/uploads\/2018\/03\/IMG_7595_resize-300x225.jpg 300w, https:\/\/karwodrza.pl\/wp-content\/uploads\/2018\/03\/IMG_7595_resize-768x576.jpg 768w, https:\/\/karwodrza.pl\/wp-content\/uploads\/2018\/03\/IMG_7595_resize-1024x768.jpg 1024w, https:\/\/karwodrza.pl\/wp-content\/uploads\/2018\/03\/IMG_7595_resize-360x270.jpg 360w\" sizes=\"auto, (max-width: 1840px) 100vw, 1840px\" \/> <img loading=\"lazy\" decoding=\"async\" class=\"aligncenter wp-image-664 size-full\" src=\"https:\/\/karwodrza.pl\/wp-content\/uploads\/2018\/03\/IMG_7625_resize.jpg\" alt=\"\" width=\"1555\" height=\"2074\" srcset=\"https:\/\/karwodrza.pl\/wp-content\/uploads\/2018\/03\/IMG_7625_resize.jpg 1555w, https:\/\/karwodrza.pl\/wp-content\/uploads\/2018\/03\/IMG_7625_resize-225x300.jpg 225w, https:\/\/karwodrza.pl\/wp-content\/uploads\/2018\/03\/IMG_7625_resize-768x1024.jpg 768w, https:\/\/karwodrza.pl\/wp-content\/uploads\/2018\/03\/IMG_7625_resize-202x270.jpg 202w\" sizes=\"auto, (max-width: 1555px) 100vw, 1555px\" \/> <img loading=\"lazy\" decoding=\"async\" class=\"aligncenter wp-image-665 size-full\" src=\"https:\/\/karwodrza.pl\/wp-content\/uploads\/2018\/03\/IMG_7626_resize.jpg\" alt=\"\" width=\"2074\" height=\"1555\" srcset=\"https:\/\/karwodrza.pl\/wp-content\/uploads\/2018\/03\/IMG_7626_resize.jpg 2074w, https:\/\/karwodrza.pl\/wp-content\/uploads\/2018\/03\/IMG_7626_resize-300x225.jpg 300w, https:\/\/karwodrza.pl\/wp-content\/uploads\/2018\/03\/IMG_7626_resize-768x576.jpg 768w, https:\/\/karwodrza.pl\/wp-content\/uploads\/2018\/03\/IMG_7626_resize-1024x768.jpg 1024w, https:\/\/karwodrza.pl\/wp-content\/uploads\/2018\/03\/IMG_7626_resize-360x270.jpg 360w\" sizes=\"auto, (max-width: 2074px) 100vw, 2074px\" \/> <img loading=\"lazy\" decoding=\"async\" class=\"aligncenter wp-image-666 size-full\" src=\"https:\/\/karwodrza.pl\/wp-content\/uploads\/2018\/03\/IMG_7629_resize.jpg\" alt=\"\" width=\"2074\" height=\"1555\" srcset=\"https:\/\/karwodrza.pl\/wp-content\/uploads\/2018\/03\/IMG_7629_resize.jpg 2074w, https:\/\/karwodrza.pl\/wp-content\/uploads\/2018\/03\/IMG_7629_resize-300x225.jpg 300w, https:\/\/karwodrza.pl\/wp-content\/uploads\/2018\/03\/IMG_7629_resize-768x576.jpg 768w, https:\/\/karwodrza.pl\/wp-content\/uploads\/2018\/03\/IMG_7629_resize-1024x768.jpg 1024w, https:\/\/karwodrza.pl\/wp-content\/uploads\/2018\/03\/IMG_7629_resize-360x270.jpg 360w\" sizes=\"auto, (max-width: 2074px) 100vw, 2074px\" \/> <img loading=\"lazy\" decoding=\"async\" class=\"aligncenter wp-image-667 size-full\" src=\"https:\/\/karwodrza.pl\/wp-content\/uploads\/2018\/03\/IMG_7631_resize.jpg\" alt=\"\" width=\"2074\" height=\"1555\" srcset=\"https:\/\/karwodrza.pl\/wp-content\/uploads\/2018\/03\/IMG_7631_resize.jpg 2074w, https:\/\/karwodrza.pl\/wp-content\/uploads\/2018\/03\/IMG_7631_resize-300x225.jpg 300w, https:\/\/karwodrza.pl\/wp-content\/uploads\/2018\/03\/IMG_7631_resize-768x576.jpg 768w, https:\/\/karwodrza.pl\/wp-content\/uploads\/2018\/03\/IMG_7631_resize-1024x768.jpg 1024w, https:\/\/karwodrza.pl\/wp-content\/uploads\/2018\/03\/IMG_7631_resize-360x270.jpg 360w\" sizes=\"auto, (max-width: 2074px) 100vw, 2074px\" \/><\/p>\n<h3 style=\"text-align: center;\"><span style=\"color: #008000;\">I kilka zdj\u0119\u0107 z &#8222;Karwodrz\u0105&#8221; podczas procesji Rezurekcyjnej.<\/span><br \/>\n<span style=\"color: #008000;\">Fot. Krzysztof Jasi\u0144ski<\/span><\/h3>\n<div id=\"attachment_673\" style=\"width: 3882px\" class=\"wp-caption aligncenter\"><img loading=\"lazy\" decoding=\"async\" aria-describedby=\"caption-attachment-673\" class=\"wp-image-673 size-full\" src=\"https:\/\/karwodrza.pl\/wp-content\/uploads\/2018\/03\/DSC07334.jpg\" alt=\"\" width=\"3872\" height=\"2592\" srcset=\"https:\/\/karwodrza.pl\/wp-content\/uploads\/2018\/03\/DSC07334.jpg 3872w, https:\/\/karwodrza.pl\/wp-content\/uploads\/2018\/03\/DSC07334-300x201.jpg 300w, https:\/\/karwodrza.pl\/wp-content\/uploads\/2018\/03\/DSC07334-768x514.jpg 768w, https:\/\/karwodrza.pl\/wp-content\/uploads\/2018\/03\/DSC07334-1024x685.jpg 1024w, https:\/\/karwodrza.pl\/wp-content\/uploads\/2018\/03\/DSC07334-403x270.jpg 403w\" sizes=\"auto, (max-width: 3872px) 100vw, 3872px\" \/><p id=\"caption-attachment-673\" class=\"wp-caption-text\">SONY DSC<\/p><\/div>\n<div id=\"attachment_674\" style=\"width: 3882px\" class=\"wp-caption aligncenter\"><img loading=\"lazy\" decoding=\"async\" aria-describedby=\"caption-attachment-674\" class=\"wp-image-674 size-full\" src=\"https:\/\/karwodrza.pl\/wp-content\/uploads\/2018\/03\/DSC07336.jpg\" alt=\"\" width=\"3872\" height=\"2592\" srcset=\"https:\/\/karwodrza.pl\/wp-content\/uploads\/2018\/03\/DSC07336.jpg 3872w, https:\/\/karwodrza.pl\/wp-content\/uploads\/2018\/03\/DSC07336-300x201.jpg 300w, https:\/\/karwodrza.pl\/wp-content\/uploads\/2018\/03\/DSC07336-768x514.jpg 768w, https:\/\/karwodrza.pl\/wp-content\/uploads\/2018\/03\/DSC07336-1024x685.jpg 1024w, https:\/\/karwodrza.pl\/wp-content\/uploads\/2018\/03\/DSC07336-403x270.jpg 403w\" sizes=\"auto, (max-width: 3872px) 100vw, 3872px\" \/><p id=\"caption-attachment-674\" class=\"wp-caption-text\">SONY DSC<\/p><\/div>\n<div id=\"attachment_675\" style=\"width: 3621px\" class=\"wp-caption aligncenter\"><img loading=\"lazy\" decoding=\"async\" aria-describedby=\"caption-attachment-675\" class=\"wp-image-675 size-full\" src=\"https:\/\/karwodrza.pl\/wp-content\/uploads\/2018\/03\/DSC07341.jpg\" alt=\"\" width=\"3611\" height=\"2408\" srcset=\"https:\/\/karwodrza.pl\/wp-content\/uploads\/2018\/03\/DSC07341.jpg 3611w, https:\/\/karwodrza.pl\/wp-content\/uploads\/2018\/03\/DSC07341-300x200.jpg 300w, https:\/\/karwodrza.pl\/wp-content\/uploads\/2018\/03\/DSC07341-768x512.jpg 768w, https:\/\/karwodrza.pl\/wp-content\/uploads\/2018\/03\/DSC07341-1024x683.jpg 1024w, https:\/\/karwodrza.pl\/wp-content\/uploads\/2018\/03\/DSC07341-405x270.jpg 405w\" sizes=\"auto, (max-width: 3611px) 100vw, 3611px\" \/><p id=\"caption-attachment-675\" class=\"wp-caption-text\">SONY DSC<\/p><\/div>\n<div id=\"attachment_676\" style=\"width: 3095px\" class=\"wp-caption aligncenter\"><img loading=\"lazy\" decoding=\"async\" aria-describedby=\"caption-attachment-676\" class=\"wp-image-676 size-full\" src=\"https:\/\/karwodrza.pl\/wp-content\/uploads\/2018\/03\/DSC07345.jpg\" alt=\"\" width=\"3085\" height=\"2057\" srcset=\"https:\/\/karwodrza.pl\/wp-content\/uploads\/2018\/03\/DSC07345.jpg 3085w, https:\/\/karwodrza.pl\/wp-content\/uploads\/2018\/03\/DSC07345-300x200.jpg 300w, https:\/\/karwodrza.pl\/wp-content\/uploads\/2018\/03\/DSC07345-768x512.jpg 768w, https:\/\/karwodrza.pl\/wp-content\/uploads\/2018\/03\/DSC07345-1024x683.jpg 1024w, https:\/\/karwodrza.pl\/wp-content\/uploads\/2018\/03\/DSC07345-405x270.jpg 405w\" sizes=\"auto, (max-width: 3085px) 100vw, 3085px\" \/><p id=\"caption-attachment-676\" class=\"wp-caption-text\">SONY DSC<\/p><\/div>\n","protected":false},"excerpt":{"rendered":"<p>Alleluja, Alleluja! Weso\u0142y nam dzi\u015b dzie\u0144 nasta\u0142, Chrystus bowiem zmartwychwsta\u0142. Radujcie si\u0119 wi\u0119c i z ufno\u015bci\u0105 patrzcie w przysz\u0142o\u015b\u0107. Niech zsy\u0142a na Was \u0142aski i wnosi szcz\u0119\u015bcie do Waszego rodzinnego \u017cycia. Z okazji \u015awi\u0105t Wielkiej Nocy \u017cyczy Stowarzyszenie Mi\u0142o\u015bnik\u00f3w Karwodrzy. I z tej okazji Karwodrza w Triduum Paschalnym: Wielki Pi\u0105tek: &#8211; Droga Krzy\u017cowa &#8211; mieszka\u0144cy&hellip; <br \/> <a class=\"read-more\" href=\"https:\/\/karwodrza.pl\/index.php\/2018\/03\/31\/wielkanoc-2018-w-karwodrzy\/\">Dowiedz si\u0119 wi\u0119cej<\/a><\/p>\n","protected":false},"author":2,"featured_media":0,"comment_status":"open","ping_status":"open","sticky":false,"template":"","format":"standard","meta":{"footnotes":""},"categories":[1],"tags":[],"class_list":["post-660","post","type-post","status-publish","format-standard","hentry","category-bez-kategorii"],"_links":{"self":[{"href":"https:\/\/karwodrza.pl\/index.php\/wp-json\/wp\/v2\/posts\/660","targetHints":{"allow":["GET"]}}],"collection":[{"href":"https:\/\/karwodrza.pl\/index.php\/wp-json\/wp\/v2\/posts"}],"about":[{"href":"https:\/\/karwodrza.pl\/index.php\/wp-json\/wp\/v2\/types\/post"}],"author":[{"embeddable":true,"href":"https:\/\/karwodrza.pl\/index.php\/wp-json\/wp\/v2\/users\/2"}],"replies":[{"embeddable":true,"href":"https:\/\/karwodrza.pl\/index.php\/wp-json\/wp\/v2\/comments?post=660"}],"version-history":[{"count":3,"href":"https:\/\/karwodrza.pl\/index.php\/wp-json\/wp\/v2\/posts\/660\/revisions"}],"predecessor-version":[{"id":677,"href":"https:\/\/karwodrza.pl\/index.php\/wp-json\/wp\/v2\/posts\/660\/revisions\/677"}],"wp:attachment":[{"href":"https:\/\/karwodrza.pl\/index.php\/wp-json\/wp\/v2\/media?parent=660"}],"wp:term":[{"taxonomy":"category","embeddable":true,"href":"https:\/\/karwodrza.pl\/index.php\/wp-json\/wp\/v2\/categories?post=660"},{"taxonomy":"post_tag","embeddable":true,"href":"https:\/\/karwodrza.pl\/index.php\/wp-json\/wp\/v2\/tags?post=660"}],"curies":[{"name":"wp","href":"https:\/\/api.w.org\/{rel}","templated":true}]}}