{"id":587,"date":"2018-03-08T13:22:31","date_gmt":"2018-03-08T12:22:31","guid":{"rendered":"http:\/\/karwodrza.pl\/?p=587"},"modified":"2018-03-08T13:22:31","modified_gmt":"2018-03-08T12:22:31","slug":"droga-w-rdn-malopolska-8-iii","status":"publish","type":"post","link":"https:\/\/karwodrza.pl\/index.php\/2018\/03\/08\/droga-w-rdn-malopolska-8-iii\/","title":{"rendered":"Droga w RDN Ma\u0142opolska 8.III"},"content":{"rendered":"<p style=\"text-align: left;\">O remoncie drogi w RDN Ma\u0142opolska.<br \/>\nPanie\u00a0<a class=\"profileLink\" href=\"https:\/\/web.facebook.com\/grzegorz.golec?fref=mentions\" data-hovercard=\"\/ajax\/hovercard\/user.php?id=100000682217592&amp;extragetparams=%7B%22fref%22%3A%22mentions%22%7D\" data-hovercard-prefer-more-content-show=\"1\">Grzegorz Golec<\/a>, dzi\u0119kujemy za artyku\u0142, ale istnieje potrzeba wyja\u015bnienia kilku kwestii.<br \/>\nCytat: &#8222;Karwodrza si\u0119 jednoczy i w zamian za chodniki odst\u0119puje od protestu&#8221; &#8211; jedno kr\u00f3tkie zdanie (i jednocze\u015bnie tytu\u0142 artyku\u0142u), a a\u017c trzy informacje wprowadzaj\u0105ce w b\u0142\u0105d czytaj\u0105cego.<br \/>\n1. &#8222;Karwodrza si\u0119 jednoczy&#8230;&#8221; &#8211; jednoczy\u0107 mo\u017cna si\u0119 po roz\u0142amie. Roz\u0142amu nie by\u0142o. Wszyscy mieszka\u0144cy obecni na zebraniu 24.X.2017 roku w liczbie prawie 70 os\u00f3b z<span class=\"text_exposed_show\">aj\u0119li stanowisko, \u017ce s\u0105 za inwestycj\u0105. Gdzie zatem roz\u0142am?<br \/>\n2. &#8222;&#8230;w zamian za chodniki&#8230;&#8221; &#8211; wed\u0142ug naszej aktualnej wiedzy, chodniki mia\u0142y by\u0107 budowane podczas remontu, niemniej nie przez ca\u0142\u0105 miejscowo\u015b\u0107. Aktualnie r\u00f3wnie\u017c nic nam nie wiadomo, by jednak Starostwo czy inwestor zdecydowa\u0142 si\u0119 na budow\u0119 chodnika, a\u017c do granicy z Trzemesn\u0105, wi\u0119c nic w tej sprawie si\u0119 nie zmieni\u0142o. Grafika pogl\u0105dowa poni\u017cej.<br \/>\n3. &#8222;&#8230;odst\u0119puje od protestu&#8221; &#8211; nigdy i nigdzie nie by\u0142o m\u00f3wione ani pisane, \u017ce b\u0119dziemy protestowa\u0107, blokowa\u0107 drog\u0119, oflagowywa\u0107 si\u0119, itd. itp. Nie ma zatem potrzeby po raz enty powtarza\u0107 plotek, kt\u00f3re zrodzi\u0142y si\u0119 najwyra\u017aniej w momencie, w kt\u00f3rym zacz\u0119li\u015bmy jako miejscowa spo\u0142eczno\u015b\u0107 interesowa\u0107 si\u0119 tym tematem i oczekiwa\u0107 by traktowano nas powa\u017cnie i z nami rozmawiano.<br \/>\nPozdrawiamy i liczymy na rzetelno\u015bci w informacji, a nie pogoni za sensacj\u0105\u00a0 \ud83d\ude42<\/span><\/p>\n<p style=\"text-align: left;\"><a href=\"http:\/\/www.rdn.pl\/news\/karwodrza-sie-jednoczy-zamian-chodniki-odstepuje-protestu\"> http:\/\/www.rdn.pl\/news\/karwodrza-sie-jednoczy-zamian-chodniki-odstepuje-protestu<\/a><\/p>\n<p style=\"text-align: left;\"><img loading=\"lazy\" decoding=\"async\" class=\"aligncenter wp-image-588 size-full\" src=\"https:\/\/karwodrza.pl\/wp-content\/uploads\/2018\/03\/Karwodrza-chodnik.jpg\" alt=\"\" width=\"987\" height=\"577\" srcset=\"https:\/\/karwodrza.pl\/wp-content\/uploads\/2018\/03\/Karwodrza-chodnik.jpg 987w, https:\/\/karwodrza.pl\/wp-content\/uploads\/2018\/03\/Karwodrza-chodnik-300x175.jpg 300w, https:\/\/karwodrza.pl\/wp-content\/uploads\/2018\/03\/Karwodrza-chodnik-768x449.jpg 768w, https:\/\/karwodrza.pl\/wp-content\/uploads\/2018\/03\/Karwodrza-chodnik-462x270.jpg 462w\" sizes=\"auto, (max-width: 987px) 100vw, 987px\" \/><\/p>\n","protected":false},"excerpt":{"rendered":"<p>O remoncie drogi w RDN Ma\u0142opolska. Panie\u00a0Grzegorz Golec, dzi\u0119kujemy za artyku\u0142, ale istnieje potrzeba wyja\u015bnienia kilku kwestii. Cytat: &#8222;Karwodrza si\u0119 jednoczy i w zamian za chodniki odst\u0119puje od protestu&#8221; &#8211; jedno kr\u00f3tkie zdanie (i jednocze\u015bnie tytu\u0142 artyku\u0142u), a a\u017c trzy informacje wprowadzaj\u0105ce w b\u0142\u0105d czytaj\u0105cego. 1. &#8222;Karwodrza si\u0119 jednoczy&#8230;&#8221; &#8211; jednoczy\u0107 mo\u017cna si\u0119 po roz\u0142amie.&hellip; <br \/> <a class=\"read-more\" href=\"https:\/\/karwodrza.pl\/index.php\/2018\/03\/08\/droga-w-rdn-malopolska-8-iii\/\">Dowiedz si\u0119 wi\u0119cej<\/a><\/p>\n","protected":false},"author":2,"featured_media":0,"comment_status":"open","ping_status":"open","sticky":false,"template":"","format":"standard","meta":{"footnotes":""},"categories":[1],"tags":[],"class_list":["post-587","post","type-post","status-publish","format-standard","hentry","category-bez-kategorii"],"_links":{"self":[{"href":"https:\/\/karwodrza.pl\/index.php\/wp-json\/wp\/v2\/posts\/587","targetHints":{"allow":["GET"]}}],"collection":[{"href":"https:\/\/karwodrza.pl\/index.php\/wp-json\/wp\/v2\/posts"}],"about":[{"href":"https:\/\/karwodrza.pl\/index.php\/wp-json\/wp\/v2\/types\/post"}],"author":[{"embeddable":true,"href":"https:\/\/karwodrza.pl\/index.php\/wp-json\/wp\/v2\/users\/2"}],"replies":[{"embeddable":true,"href":"https:\/\/karwodrza.pl\/index.php\/wp-json\/wp\/v2\/comments?post=587"}],"version-history":[{"count":2,"href":"https:\/\/karwodrza.pl\/index.php\/wp-json\/wp\/v2\/posts\/587\/revisions"}],"predecessor-version":[{"id":590,"href":"https:\/\/karwodrza.pl\/index.php\/wp-json\/wp\/v2\/posts\/587\/revisions\/590"}],"wp:attachment":[{"href":"https:\/\/karwodrza.pl\/index.php\/wp-json\/wp\/v2\/media?parent=587"}],"wp:term":[{"taxonomy":"category","embeddable":true,"href":"https:\/\/karwodrza.pl\/index.php\/wp-json\/wp\/v2\/categories?post=587"},{"taxonomy":"post_tag","embeddable":true,"href":"https:\/\/karwodrza.pl\/index.php\/wp-json\/wp\/v2\/tags?post=587"}],"curies":[{"name":"wp","href":"https:\/\/api.w.org\/{rel}","templated":true}]}}