{"id":544,"date":"2018-03-02T16:28:37","date_gmt":"2018-03-02T15:28:37","guid":{"rendered":"http:\/\/karwodrza.pl\/?p=544"},"modified":"2018-03-03T09:19:11","modified_gmt":"2018-03-03T08:19:11","slug":"dzien-kobiet-swietujemy-rowniez-karwodrzy","status":"publish","type":"post","link":"https:\/\/karwodrza.pl\/index.php\/2018\/03\/02\/dzien-kobiet-swietujemy-rowniez-karwodrzy\/","title":{"rendered":"Dzie\u0144 Kobiet \u015bwi\u0119tujemy r\u00f3wnie\u017c w Karwodrzy!"},"content":{"rendered":"<div id=\"js_30\" class=\"_5pbx userContent _3576\" data-ft=\"{&quot;tn&quot;:&quot;K&quot;}\">\n<h1 style=\"text-align: center;\"><span style=\"color: #ff0000;\">ZAPROSZENIE<\/span><\/h1>\n<h1 style=\"text-align: center;\"><span style=\"color: #ff0000;\">8 MARCA DZIE\u0143 KOBIET<\/span><\/h1>\n<h3 style=\"text-align: center;\"><span style=\"color: #993300;\">So\u0142tys Karwodrzy Pan Kazimierz Gawrya\u0142 serdecznie zaprasza wszystkie Panie na mi\u0142e spotkanie z okazji nadchodz\u0105cego Dnia Kobiet.<\/span><\/h3>\n<h3 style=\"text-align: center;\"><span style=\"color: #993300;\">W planie ciastko, kawa, herbata i wyst\u0119p Pa\u0144 z Kreatywnego Klubu Kobiet (KKK) w scence pt. &#8222;Ach te baby&#8221;.<\/span><br \/>\n<span style=\"color: #993300;\">Zapraszamy Panie w najbli\u017cszy czwartek, 8 marca, na godz. 18:00 do Sali Domu Stra\u017caka w Karwodrzy.<\/span><br \/>\n<span style=\"color: #993300;\">Korzystaj\u0105c z okazji SMK sk\u0142ada wszystkim Paniom najserdeczniejsze \u017cyczenia z okazji ich \u015bwi\u0119ta\u00a0 \ud83d\ude42<\/span><\/h3>\n<p>&nbsp;<\/p>\n<p><img loading=\"lazy\" decoding=\"async\" class=\"aligncenter wp-image-545 size-full\" src=\"https:\/\/karwodrza.pl\/wp-content\/uploads\/2018\/03\/29388wide.jpg\" alt=\"\" width=\"1280\" height=\"804\" srcset=\"https:\/\/karwodrza.pl\/wp-content\/uploads\/2018\/03\/29388wide.jpg 1280w, https:\/\/karwodrza.pl\/wp-content\/uploads\/2018\/03\/29388wide-300x188.jpg 300w, https:\/\/karwodrza.pl\/wp-content\/uploads\/2018\/03\/29388wide-768x482.jpg 768w, https:\/\/karwodrza.pl\/wp-content\/uploads\/2018\/03\/29388wide-1024x643.jpg 1024w, https:\/\/karwodrza.pl\/wp-content\/uploads\/2018\/03\/29388wide-430x270.jpg 430w\" sizes=\"auto, (max-width: 1280px) 100vw, 1280px\" \/><\/p>\n<\/div>\n","protected":false},"excerpt":{"rendered":"<p>ZAPROSZENIE 8 MARCA DZIE\u0143 KOBIET So\u0142tys Karwodrzy Pan Kazimierz Gawrya\u0142 serdecznie zaprasza wszystkie Panie na mi\u0142e spotkanie z okazji nadchodz\u0105cego Dnia Kobiet. W planie ciastko, kawa, herbata i wyst\u0119p Pa\u0144 z Kreatywnego Klubu Kobiet (KKK) w scence pt. &#8222;Ach te baby&#8221;. Zapraszamy Panie w najbli\u017cszy czwartek, 8 marca, na godz. 18:00 do Sali Domu Stra\u017caka&hellip; <br \/> <a class=\"read-more\" href=\"https:\/\/karwodrza.pl\/index.php\/2018\/03\/02\/dzien-kobiet-swietujemy-rowniez-karwodrzy\/\">Dowiedz si\u0119 wi\u0119cej<\/a><\/p>\n","protected":false},"author":2,"featured_media":0,"comment_status":"open","ping_status":"open","sticky":false,"template":"","format":"standard","meta":{"footnotes":""},"categories":[1],"tags":[],"class_list":["post-544","post","type-post","status-publish","format-standard","hentry","category-bez-kategorii"],"_links":{"self":[{"href":"https:\/\/karwodrza.pl\/index.php\/wp-json\/wp\/v2\/posts\/544","targetHints":{"allow":["GET"]}}],"collection":[{"href":"https:\/\/karwodrza.pl\/index.php\/wp-json\/wp\/v2\/posts"}],"about":[{"href":"https:\/\/karwodrza.pl\/index.php\/wp-json\/wp\/v2\/types\/post"}],"author":[{"embeddable":true,"href":"https:\/\/karwodrza.pl\/index.php\/wp-json\/wp\/v2\/users\/2"}],"replies":[{"embeddable":true,"href":"https:\/\/karwodrza.pl\/index.php\/wp-json\/wp\/v2\/comments?post=544"}],"version-history":[{"count":3,"href":"https:\/\/karwodrza.pl\/index.php\/wp-json\/wp\/v2\/posts\/544\/revisions"}],"predecessor-version":[{"id":548,"href":"https:\/\/karwodrza.pl\/index.php\/wp-json\/wp\/v2\/posts\/544\/revisions\/548"}],"wp:attachment":[{"href":"https:\/\/karwodrza.pl\/index.php\/wp-json\/wp\/v2\/media?parent=544"}],"wp:term":[{"taxonomy":"category","embeddable":true,"href":"https:\/\/karwodrza.pl\/index.php\/wp-json\/wp\/v2\/categories?post=544"},{"taxonomy":"post_tag","embeddable":true,"href":"https:\/\/karwodrza.pl\/index.php\/wp-json\/wp\/v2\/tags?post=544"}],"curies":[{"name":"wp","href":"https:\/\/api.w.org\/{rel}","templated":true}]}}