{"id":47,"date":"2017-09-19T08:57:51","date_gmt":"2017-09-19T06:57:51","guid":{"rendered":"http:\/\/karwodrza.pl\/?p=47"},"modified":"2017-09-21T11:58:12","modified_gmt":"2017-09-21T09:58:12","slug":"uwaga-wazne-zebranie-mieszkancow-karwodrzy-we-wtorek-26-wrzesnia-przeczytaj","status":"publish","type":"post","link":"https:\/\/karwodrza.pl\/index.php\/2017\/09\/19\/uwaga-wazne-zebranie-mieszkancow-karwodrzy-we-wtorek-26-wrzesnia-przeczytaj\/","title":{"rendered":"UWAGA!!! Wa\u017cne zebranie mieszka\u0144c\u00f3w Karwodrzy we wtorek 26 wrze\u015bnia o godz. 18:00. Przeczytaj!"},"content":{"rendered":"<h2 style=\"text-align: center;\"><strong>Drodzy mieszka\u0144cy Karwodrzy!<\/strong><\/h2>\n<p style=\"text-align: center;\">We wtorek 26 wrze\u015bnia b.r. o godz. 18:00 w Remizie OSP w Karwodrzy odb\u0119dzie si\u0119 zebranie mieszka\u0144c\u00f3w, podczas kt\u00f3rego b\u0119d\u0105 poruszane wa\u017cne kwestie, w tym temat <strong>przebudowy drogi biegn\u0105cej przez Karwodrz\u0119<\/strong>. W zwi\u0105zku z ww. przebudow\u0105, jednym z go\u015bci b\u0119dzie przedstawiciel Starostwa Powiatowego z Tarnowa. Je\u015bli chcesz otrzyma\u0107 informacj\u0119 &#8222;z pierwszej r\u0119ki&#8221; od os\u00f3b kompetentnych, masz pytania, w\u0105tpliwo\u015bci lub uwagi, to koniecznie przyjd\u017a na to spotkanie!<\/p>\n<h3 style=\"text-align: center;\"><strong>Pami\u0119taj &#8211; wtorek, 26.09.2017 godz. 18:00!<\/strong><\/h3>\n<p style=\"text-align: center;\">ZAPRASZAMY \u00a0\ud83d\ude42<\/p>\n","protected":false},"excerpt":{"rendered":"<p>Drodzy mieszka\u0144cy Karwodrzy! We wtorek 26 wrze\u015bnia b.r. o godz. 18:00 w Remizie OSP w Karwodrzy odb\u0119dzie si\u0119 zebranie mieszka\u0144c\u00f3w, podczas kt\u00f3rego b\u0119d\u0105 poruszane wa\u017cne kwestie, w tym temat przebudowy drogi biegn\u0105cej przez Karwodrz\u0119. W zwi\u0105zku z ww. przebudow\u0105, jednym z go\u015bci b\u0119dzie przedstawiciel Starostwa Powiatowego z Tarnowa. Je\u015bli chcesz otrzyma\u0107 informacj\u0119 &#8222;z pierwszej r\u0119ki&#8221;&hellip; <br \/> <a class=\"read-more\" href=\"https:\/\/karwodrza.pl\/index.php\/2017\/09\/19\/uwaga-wazne-zebranie-mieszkancow-karwodrzy-we-wtorek-26-wrzesnia-przeczytaj\/\">Dowiedz si\u0119 wi\u0119cej<\/a><\/p>\n","protected":false},"author":2,"featured_media":0,"comment_status":"open","ping_status":"open","sticky":false,"template":"","format":"standard","meta":{"footnotes":""},"categories":[1],"tags":[5,3,6,7,4],"class_list":["post-47","post","type-post","status-publish","format-standard","hentry","category-bez-kategorii","tag-droga","tag-karwodrza","tag-osp","tag-remiza","tag-zebranie"],"_links":{"self":[{"href":"https:\/\/karwodrza.pl\/index.php\/wp-json\/wp\/v2\/posts\/47","targetHints":{"allow":["GET"]}}],"collection":[{"href":"https:\/\/karwodrza.pl\/index.php\/wp-json\/wp\/v2\/posts"}],"about":[{"href":"https:\/\/karwodrza.pl\/index.php\/wp-json\/wp\/v2\/types\/post"}],"author":[{"embeddable":true,"href":"https:\/\/karwodrza.pl\/index.php\/wp-json\/wp\/v2\/users\/2"}],"replies":[{"embeddable":true,"href":"https:\/\/karwodrza.pl\/index.php\/wp-json\/wp\/v2\/comments?post=47"}],"version-history":[{"count":6,"href":"https:\/\/karwodrza.pl\/index.php\/wp-json\/wp\/v2\/posts\/47\/revisions"}],"predecessor-version":[{"id":97,"href":"https:\/\/karwodrza.pl\/index.php\/wp-json\/wp\/v2\/posts\/47\/revisions\/97"}],"wp:attachment":[{"href":"https:\/\/karwodrza.pl\/index.php\/wp-json\/wp\/v2\/media?parent=47"}],"wp:term":[{"taxonomy":"category","embeddable":true,"href":"https:\/\/karwodrza.pl\/index.php\/wp-json\/wp\/v2\/categories?post=47"},{"taxonomy":"post_tag","embeddable":true,"href":"https:\/\/karwodrza.pl\/index.php\/wp-json\/wp\/v2\/tags?post=47"}],"curies":[{"name":"wp","href":"https:\/\/api.w.org\/{rel}","templated":true}]}}