{"id":468,"date":"2018-02-15T17:01:57","date_gmt":"2018-02-15T16:01:57","guid":{"rendered":"http:\/\/karwodrza.pl\/?p=468"},"modified":"2018-02-15T17:01:57","modified_gmt":"2018-02-15T16:01:57","slug":"16-ii-2018-godz-1730-zapraszamy-zebranie","status":"publish","type":"post","link":"https:\/\/karwodrza.pl\/index.php\/2018\/02\/15\/16-ii-2018-godz-1730-zapraszamy-zebranie\/","title":{"rendered":"16.II.2018, godz. 17:30 &#8211; zapraszamy na zebranie."},"content":{"rendered":"<h3 style=\"text-align: center;\">Przypominamy, \u017ce w najbli\u017cszy pi\u0105tak, 16 lutego o godz. 17:30 w remizie OSP w Karwodrzy odb\u0119dzie si\u0119 zebranie z w\u0142adzami naszej Gminy.<br \/>\nSerdecznie i licznie zapraszamy\u00a0 \ud83d\ude42<br \/>\n<a href=\"http:\/\/www.tuchow.pl\/zebrania-wiejskie-i-osiedlowe\/\" target=\"_blank\" rel=\"noopener nofollow\" data-ft=\"{&quot;tn&quot;:&quot;-U&quot;}\" data-lynx-mode=\"async\" data-lynx-uri=\"https:\/\/l.facebook.com\/l.php?u=http%3A%2F%2Fwww.tuchow.pl%2Fzebrania-wiejskie-i-osiedlowe%2F&amp;h=ATOJS-3KwFOEGT2mxpXdxuGxGalVlrUdgs3v03yxUkwKTnxt6-sGDpv6fm3r29sADb6vwLKWmE6--CSRcZc9srOvybNRqixzid8I4VdO3tNxbtSrFobfRsCnyDrllG6XXZDaf34vEmaZqJoZe72ZtftupRDyj4Lw0yNFW4EL-Acnq-HUWKvssHCP5I6d0Z1e_JO6oTkBKRlo0oyV5wBOi9FhQEsitVQVD4usTbZJZFpyAkJtb56pF4kFgXORm670dvoMjfBCaL0a--nR2NYmkMU\">http:\/\/www.tuchow.pl\/zebrania-wiejskie-i-osiedlowe\/<\/a><\/h3>\n","protected":false},"excerpt":{"rendered":"<p>Przypominamy, \u017ce w najbli\u017cszy pi\u0105tak, 16 lutego o godz. 17:30 w remizie OSP w Karwodrzy odb\u0119dzie si\u0119 zebranie z w\u0142adzami naszej Gminy. Serdecznie i licznie zapraszamy\u00a0 \ud83d\ude42 http:\/\/www.tuchow.pl\/zebrania-wiejskie-i-osiedlowe\/<\/p>\n","protected":false},"author":2,"featured_media":0,"comment_status":"open","ping_status":"open","sticky":false,"template":"","format":"standard","meta":{"footnotes":""},"categories":[1],"tags":[],"class_list":["post-468","post","type-post","status-publish","format-standard","hentry","category-bez-kategorii"],"_links":{"self":[{"href":"https:\/\/karwodrza.pl\/index.php\/wp-json\/wp\/v2\/posts\/468","targetHints":{"allow":["GET"]}}],"collection":[{"href":"https:\/\/karwodrza.pl\/index.php\/wp-json\/wp\/v2\/posts"}],"about":[{"href":"https:\/\/karwodrza.pl\/index.php\/wp-json\/wp\/v2\/types\/post"}],"author":[{"embeddable":true,"href":"https:\/\/karwodrza.pl\/index.php\/wp-json\/wp\/v2\/users\/2"}],"replies":[{"embeddable":true,"href":"https:\/\/karwodrza.pl\/index.php\/wp-json\/wp\/v2\/comments?post=468"}],"version-history":[{"count":1,"href":"https:\/\/karwodrza.pl\/index.php\/wp-json\/wp\/v2\/posts\/468\/revisions"}],"predecessor-version":[{"id":469,"href":"https:\/\/karwodrza.pl\/index.php\/wp-json\/wp\/v2\/posts\/468\/revisions\/469"}],"wp:attachment":[{"href":"https:\/\/karwodrza.pl\/index.php\/wp-json\/wp\/v2\/media?parent=468"}],"wp:term":[{"taxonomy":"category","embeddable":true,"href":"https:\/\/karwodrza.pl\/index.php\/wp-json\/wp\/v2\/categories?post=468"},{"taxonomy":"post_tag","embeddable":true,"href":"https:\/\/karwodrza.pl\/index.php\/wp-json\/wp\/v2\/tags?post=468"}],"curies":[{"name":"wp","href":"https:\/\/api.w.org\/{rel}","templated":true}]}}