{"id":398,"date":"2018-02-02T14:57:34","date_gmt":"2018-02-02T13:57:34","guid":{"rendered":"http:\/\/karwodrza.pl\/?p=398"},"modified":"2018-02-02T14:57:34","modified_gmt":"2018-02-02T13:57:34","slug":"o-drodze-planowanych-konsultacjach-mieszkancami-pisza-mil","status":"publish","type":"post","link":"https:\/\/karwodrza.pl\/index.php\/2018\/02\/02\/o-drodze-planowanych-konsultacjach-mieszkancami-pisza-mil\/","title":{"rendered":"O drodze i planowanych konsultacjach z mieszka\u0144cami pisz\u0105 w MiL"},"content":{"rendered":"<p style=\"text-align: center;\"><span style=\"color: #000080;\"><strong>W dzisiejszym wydaniu magazynu &#8222;Miasto i Ludzie&#8221; artyku\u0142 o drodze przez Karwodrz\u0119.<\/strong><\/span><br \/>\n<span style=\"color: #000080;\"><strong>W nim m.in. Pan Wicestarosta Zbigniew Karci\u0144ski informuje o planowanych konsultacjach z mieszka\u0144cami, o kt\u00f3re zabiega\u0142o Stowarzyszenia Mi\u0142o\u015bnik\u00f3w Karwodrzy. Na pismo ze szczeg\u00f3\u0142ami wci\u0105\u017c oczekujemy. Gdy tylko takie dotrze, zostanie przedstawione na tej stronie i na profilu miejscowo\u015bci na Facebook.<\/strong><\/span><br \/>\n<span style=\"color: #000080;\"><strong>A jako bonus grafika obrazuj\u0105ca m.in. o jaki odcinek chodnika b\u0119dziemy zabiega\u0107 podczas wspomnianych konsultacji ze Starostwem i wykonawc\u0105.<\/strong><\/span><br \/>\n<span style=\"color: #000080;\"><strong>Przesy\u0142amy pozdrowienia i \u017cyczymy wszystkim mi\u0142ego weekendu\u00a0 \ud83d\ude42<\/strong><\/span><\/p>\n<p><img loading=\"lazy\" decoding=\"async\" class=\"aligncenter wp-image-400 size-full\" src=\"https:\/\/karwodrza.pl\/wp-content\/uploads\/2018\/02\/27073348_965710636900984_5827383258826951351_n.jpg\" alt=\"\" width=\"614\" height=\"800\" srcset=\"https:\/\/karwodrza.pl\/wp-content\/uploads\/2018\/02\/27073348_965710636900984_5827383258826951351_n.jpg 614w, https:\/\/karwodrza.pl\/wp-content\/uploads\/2018\/02\/27073348_965710636900984_5827383258826951351_n-230x300.jpg 230w, https:\/\/karwodrza.pl\/wp-content\/uploads\/2018\/02\/27073348_965710636900984_5827383258826951351_n-207x270.jpg 207w\" sizes=\"auto, (max-width: 614px) 100vw, 614px\" \/><\/p>\n<p><img loading=\"lazy\" decoding=\"async\" class=\"aligncenter wp-image-399 size-full\" src=\"https:\/\/karwodrza.pl\/wp-content\/uploads\/2018\/02\/20180202_131231.jpg\" alt=\"\" width=\"4143\" height=\"1990\" srcset=\"https:\/\/karwodrza.pl\/wp-content\/uploads\/2018\/02\/20180202_131231.jpg 4143w, https:\/\/karwodrza.pl\/wp-content\/uploads\/2018\/02\/20180202_131231-300x144.jpg 300w, https:\/\/karwodrza.pl\/wp-content\/uploads\/2018\/02\/20180202_131231-768x369.jpg 768w, https:\/\/karwodrza.pl\/wp-content\/uploads\/2018\/02\/20180202_131231-1024x492.jpg 1024w, https:\/\/karwodrza.pl\/wp-content\/uploads\/2018\/02\/20180202_131231-562x270.jpg 562w\" sizes=\"auto, (max-width: 4143px) 100vw, 4143px\" \/><\/p>\n<p><img loading=\"lazy\" decoding=\"async\" class=\"aligncenter wp-image-401 size-full\" src=\"https:\/\/karwodrza.pl\/wp-content\/uploads\/2018\/02\/Karwodrza-chodnik.jpg\" alt=\"\" width=\"987\" height=\"577\" srcset=\"https:\/\/karwodrza.pl\/wp-content\/uploads\/2018\/02\/Karwodrza-chodnik.jpg 987w, https:\/\/karwodrza.pl\/wp-content\/uploads\/2018\/02\/Karwodrza-chodnik-300x175.jpg 300w, https:\/\/karwodrza.pl\/wp-content\/uploads\/2018\/02\/Karwodrza-chodnik-768x449.jpg 768w, https:\/\/karwodrza.pl\/wp-content\/uploads\/2018\/02\/Karwodrza-chodnik-462x270.jpg 462w\" sizes=\"auto, (max-width: 987px) 100vw, 987px\" \/><\/p>\n","protected":false},"excerpt":{"rendered":"<p>W dzisiejszym wydaniu magazynu &#8222;Miasto i Ludzie&#8221; artyku\u0142 o drodze przez Karwodrz\u0119. W nim m.in. Pan Wicestarosta Zbigniew Karci\u0144ski informuje o planowanych konsultacjach z mieszka\u0144cami, o kt\u00f3re zabiega\u0142o Stowarzyszenia Mi\u0142o\u015bnik\u00f3w Karwodrzy. Na pismo ze szczeg\u00f3\u0142ami wci\u0105\u017c oczekujemy. Gdy tylko takie dotrze, zostanie przedstawione na tej stronie i na profilu miejscowo\u015bci na Facebook. A jako bonus&hellip; <br \/> <a class=\"read-more\" href=\"https:\/\/karwodrza.pl\/index.php\/2018\/02\/02\/o-drodze-planowanych-konsultacjach-mieszkancami-pisza-mil\/\">Dowiedz si\u0119 wi\u0119cej<\/a><\/p>\n","protected":false},"author":2,"featured_media":0,"comment_status":"open","ping_status":"open","sticky":false,"template":"","format":"standard","meta":{"footnotes":""},"categories":[1],"tags":[],"class_list":["post-398","post","type-post","status-publish","format-standard","hentry","category-bez-kategorii"],"_links":{"self":[{"href":"https:\/\/karwodrza.pl\/index.php\/wp-json\/wp\/v2\/posts\/398","targetHints":{"allow":["GET"]}}],"collection":[{"href":"https:\/\/karwodrza.pl\/index.php\/wp-json\/wp\/v2\/posts"}],"about":[{"href":"https:\/\/karwodrza.pl\/index.php\/wp-json\/wp\/v2\/types\/post"}],"author":[{"embeddable":true,"href":"https:\/\/karwodrza.pl\/index.php\/wp-json\/wp\/v2\/users\/2"}],"replies":[{"embeddable":true,"href":"https:\/\/karwodrza.pl\/index.php\/wp-json\/wp\/v2\/comments?post=398"}],"version-history":[{"count":1,"href":"https:\/\/karwodrza.pl\/index.php\/wp-json\/wp\/v2\/posts\/398\/revisions"}],"predecessor-version":[{"id":402,"href":"https:\/\/karwodrza.pl\/index.php\/wp-json\/wp\/v2\/posts\/398\/revisions\/402"}],"wp:attachment":[{"href":"https:\/\/karwodrza.pl\/index.php\/wp-json\/wp\/v2\/media?parent=398"}],"wp:term":[{"taxonomy":"category","embeddable":true,"href":"https:\/\/karwodrza.pl\/index.php\/wp-json\/wp\/v2\/categories?post=398"},{"taxonomy":"post_tag","embeddable":true,"href":"https:\/\/karwodrza.pl\/index.php\/wp-json\/wp\/v2\/tags?post=398"}],"curies":[{"name":"wp","href":"https:\/\/api.w.org\/{rel}","templated":true}]}}