{"id":3773,"date":"2025-11-05T08:56:07","date_gmt":"2025-11-05T07:56:07","guid":{"rendered":"https:\/\/karwodrza.pl\/?p=3773"},"modified":"2025-11-05T08:56:07","modified_gmt":"2025-11-05T07:56:07","slug":"zaproszenie-na-kolejne-szkolenie-z-pierwszej-pomocy-i-obslugi-aed","status":"publish","type":"post","link":"https:\/\/karwodrza.pl\/index.php\/2025\/11\/05\/zaproszenie-na-kolejne-szkolenie-z-pierwszej-pomocy-i-obslugi-aed\/","title":{"rendered":"Zaproszenie na kolejne szkolenie z pierwszej pomocy i obs\u0142ugi AED"},"content":{"rendered":"\n<p class=\"has-black-color has-text-color has-link-color wp-elements-667b6a221cbf2aedcb1d03d28b0b3cbd\">W imieniu Stowarzyszenia Mi\u0142o\u015bnik\u00f3w Karwodrzy oraz wsp\u00f3\u0142finansuj\u0105cego projekt Powiatu Tarnowskiego, serdecznie zapraszamy wszystkich ch\u0119tnych na bardzo ciekawe i wa\u017cne szkolenie z udzielania pierwszej pomocy przedmedycznej, oraz obs\u0142ugi AED dost\u0119pnego w naszej miejscowo\u015bci.<\/p>\n\n\n\n<p class=\"has-black-color has-text-color has-link-color wp-elements-cc2950ade43ec91b34abd4d958886826\">Szkolenie z\u0142o\u017cone b\u0119dzie zar\u00f3wno z zagadnie\u0144 teoretycznych, jak i zaj\u0119\u0107 praktycznych i b\u0119dzie przeprowadzone przez Prezesa OSP Karwodrza Micha\u0142a Mikosa.<\/p>\n\n\n\n<p class=\"has-black-color has-text-color has-link-color wp-elements-cee86013121687749fdd789bd2587177\">Zapraszamy w \u015brod\u0119 12 listopada 2025 r. o godz. 17:00. Czas trwania ok. 3 godz. W trakcie szkolenia przewidziany jest pocz\u0119stunek.<\/p>\n\n\n\n<p class=\"has-black-color has-text-color has-link-color wp-elements-67dd2a7cc50b9ef6f18851d2de6aca3a\">UWAGA! Ograniczona ilo\u015b\u0107 miejsc do maksymalnie 30 os\u00f3b! Decyduje kolejno\u015b\u0107 zg\u0142osze\u0144. Zg\u0142oszenia telefoniczne pod nr tel. 511470626.<\/p>\n\n\n\n<p class=\"has-black-color has-text-color has-link-color wp-elements-d1316d6dccdbeffa3d360ea6ed633a90\">Zapraszamy!<\/p>\n\n\n\n<figure class=\"wp-block-image size-large\"><img loading=\"lazy\" decoding=\"async\" width=\"724\" height=\"1024\" src=\"https:\/\/karwodrza.pl\/wp-content\/uploads\/2025\/11\/Kopia-\u2013-AED-724x1024.png\" alt=\"\" class=\"wp-image-3774\" srcset=\"https:\/\/karwodrza.pl\/wp-content\/uploads\/2025\/11\/Kopia-\u2013-AED-724x1024.png 724w, https:\/\/karwodrza.pl\/wp-content\/uploads\/2025\/11\/Kopia-\u2013-AED-212x300.png 212w, https:\/\/karwodrza.pl\/wp-content\/uploads\/2025\/11\/Kopia-\u2013-AED-768x1086.png 768w, https:\/\/karwodrza.pl\/wp-content\/uploads\/2025\/11\/Kopia-\u2013-AED-1086x1536.png 1086w, https:\/\/karwodrza.pl\/wp-content\/uploads\/2025\/11\/Kopia-\u2013-AED-1448x2048.png 1448w, https:\/\/karwodrza.pl\/wp-content\/uploads\/2025\/11\/Kopia-\u2013-AED-1024x1449.png 1024w, https:\/\/karwodrza.pl\/wp-content\/uploads\/2025\/11\/Kopia-\u2013-AED-763x1080.png 763w, https:\/\/karwodrza.pl\/wp-content\/uploads\/2025\/11\/Kopia-\u2013-AED.png 1587w\" sizes=\"auto, (max-width: 724px) 100vw, 724px\" \/><\/figure>\n","protected":false},"excerpt":{"rendered":"<p>W imieniu Stowarzyszenia Mi\u0142o\u015bnik\u00f3w Karwodrzy oraz wsp\u00f3\u0142finansuj\u0105cego projekt Powiatu Tarnowskiego, serdecznie zapraszamy wszystkich ch\u0119tnych na bardzo ciekawe i wa\u017cne szkolenie z udzielania pierwszej pomocy przedmedycznej, oraz obs\u0142ugi AED dost\u0119pnego w naszej miejscowo\u015bci. Szkolenie z\u0142o\u017cone b\u0119dzie zar\u00f3wno z zagadnie\u0144 teoretycznych, jak i zaj\u0119\u0107 praktycznych i b\u0119dzie przeprowadzone przez Prezesa OSP Karwodrza Micha\u0142a Mikosa. Zapraszamy w \u015brod\u0119&hellip; <br \/> <a class=\"read-more\" href=\"https:\/\/karwodrza.pl\/index.php\/2025\/11\/05\/zaproszenie-na-kolejne-szkolenie-z-pierwszej-pomocy-i-obslugi-aed\/\">Dowiedz si\u0119 wi\u0119cej<\/a><\/p>\n","protected":false},"author":2,"featured_media":0,"comment_status":"open","ping_status":"open","sticky":false,"template":"","format":"standard","meta":{"footnotes":""},"categories":[1],"tags":[],"class_list":["post-3773","post","type-post","status-publish","format-standard","hentry","category-bez-kategorii"],"_links":{"self":[{"href":"https:\/\/karwodrza.pl\/index.php\/wp-json\/wp\/v2\/posts\/3773","targetHints":{"allow":["GET"]}}],"collection":[{"href":"https:\/\/karwodrza.pl\/index.php\/wp-json\/wp\/v2\/posts"}],"about":[{"href":"https:\/\/karwodrza.pl\/index.php\/wp-json\/wp\/v2\/types\/post"}],"author":[{"embeddable":true,"href":"https:\/\/karwodrza.pl\/index.php\/wp-json\/wp\/v2\/users\/2"}],"replies":[{"embeddable":true,"href":"https:\/\/karwodrza.pl\/index.php\/wp-json\/wp\/v2\/comments?post=3773"}],"version-history":[{"count":1,"href":"https:\/\/karwodrza.pl\/index.php\/wp-json\/wp\/v2\/posts\/3773\/revisions"}],"predecessor-version":[{"id":3775,"href":"https:\/\/karwodrza.pl\/index.php\/wp-json\/wp\/v2\/posts\/3773\/revisions\/3775"}],"wp:attachment":[{"href":"https:\/\/karwodrza.pl\/index.php\/wp-json\/wp\/v2\/media?parent=3773"}],"wp:term":[{"taxonomy":"category","embeddable":true,"href":"https:\/\/karwodrza.pl\/index.php\/wp-json\/wp\/v2\/categories?post=3773"},{"taxonomy":"post_tag","embeddable":true,"href":"https:\/\/karwodrza.pl\/index.php\/wp-json\/wp\/v2\/tags?post=3773"}],"curies":[{"name":"wp","href":"https:\/\/api.w.org\/{rel}","templated":true}]}}