{"id":3752,"date":"2025-10-27T10:54:13","date_gmt":"2025-10-27T09:54:13","guid":{"rendered":"https:\/\/karwodrza.pl\/?p=3752"},"modified":"2025-10-29T07:44:36","modified_gmt":"2025-10-29T06:44:36","slug":"wieczornica-2025","status":"publish","type":"post","link":"https:\/\/karwodrza.pl\/index.php\/2025\/10\/27\/wieczornica-2025\/","title":{"rendered":"Zaproszenie na Wieczornic\u0119 2025"},"content":{"rendered":"\n<p class=\"has-black-color has-text-color has-link-color wp-elements-332cf1802d9b88e28e49a0d921727a4d\">Ju\u017c po raz sz\u00f3sty zapraszamy na tradycyjn\u0105 WIECZORNIC\u0118 do Karwodrzy, kt\u00f3ra odb\u0119dzie si\u0119 w sobot\u0119 8 listopada w godz. od 16:00 do 19:00 w Domu Stra\u017caka w Karwodrzy. W programie, w cz\u0119\u015bci pierwszej, wspomnienia czas\u00f3w przesz\u0142ych i pie\u015bni patriotyczne, a w cz\u0119\u015bci drugiej weso\u0142e piosenki biesiadne. A to wszystko z muzyk\u0105 na \u017cywo, przy rozmowach, kawie, herbacie i jak zawsze pysznym domowym cie\u015bcie przygotowanym przez Panie z SMK. Zapraszamy!<\/p>\n\n\n\n<figure class=\"wp-block-image size-large\"><img loading=\"lazy\" decoding=\"async\" width=\"724\" height=\"1024\" src=\"https:\/\/karwodrza.pl\/wp-content\/uploads\/2025\/10\/Wieczornica-2025-724x1024.png\" alt=\"\" class=\"wp-image-3753\" srcset=\"https:\/\/karwodrza.pl\/wp-content\/uploads\/2025\/10\/Wieczornica-2025-724x1024.png 724w, https:\/\/karwodrza.pl\/wp-content\/uploads\/2025\/10\/Wieczornica-2025-212x300.png 212w, https:\/\/karwodrza.pl\/wp-content\/uploads\/2025\/10\/Wieczornica-2025-768x1086.png 768w, https:\/\/karwodrza.pl\/wp-content\/uploads\/2025\/10\/Wieczornica-2025-1086x1536.png 1086w, https:\/\/karwodrza.pl\/wp-content\/uploads\/2025\/10\/Wieczornica-2025-1448x2048.png 1448w, https:\/\/karwodrza.pl\/wp-content\/uploads\/2025\/10\/Wieczornica-2025-1024x1449.png 1024w, https:\/\/karwodrza.pl\/wp-content\/uploads\/2025\/10\/Wieczornica-2025-763x1080.png 763w, https:\/\/karwodrza.pl\/wp-content\/uploads\/2025\/10\/Wieczornica-2025.png 1587w\" sizes=\"auto, (max-width: 724px) 100vw, 724px\" \/><\/figure>\n","protected":false},"excerpt":{"rendered":"<p>Ju\u017c po raz sz\u00f3sty zapraszamy na tradycyjn\u0105 WIECZORNIC\u0118 do Karwodrzy, kt\u00f3ra odb\u0119dzie si\u0119 w sobot\u0119 8 listopada w godz. od 16:00 do 19:00 w Domu Stra\u017caka w Karwodrzy. W programie, w cz\u0119\u015bci pierwszej, wspomnienia czas\u00f3w przesz\u0142ych i pie\u015bni patriotyczne, a w cz\u0119\u015bci drugiej weso\u0142e piosenki biesiadne. A to wszystko z muzyk\u0105 na \u017cywo, przy rozmowach,&hellip; <br \/> <a class=\"read-more\" href=\"https:\/\/karwodrza.pl\/index.php\/2025\/10\/27\/wieczornica-2025\/\">Dowiedz si\u0119 wi\u0119cej<\/a><\/p>\n","protected":false},"author":2,"featured_media":0,"comment_status":"open","ping_status":"open","sticky":false,"template":"","format":"standard","meta":{"footnotes":""},"categories":[1],"tags":[],"class_list":["post-3752","post","type-post","status-publish","format-standard","hentry","category-bez-kategorii"],"_links":{"self":[{"href":"https:\/\/karwodrza.pl\/index.php\/wp-json\/wp\/v2\/posts\/3752","targetHints":{"allow":["GET"]}}],"collection":[{"href":"https:\/\/karwodrza.pl\/index.php\/wp-json\/wp\/v2\/posts"}],"about":[{"href":"https:\/\/karwodrza.pl\/index.php\/wp-json\/wp\/v2\/types\/post"}],"author":[{"embeddable":true,"href":"https:\/\/karwodrza.pl\/index.php\/wp-json\/wp\/v2\/users\/2"}],"replies":[{"embeddable":true,"href":"https:\/\/karwodrza.pl\/index.php\/wp-json\/wp\/v2\/comments?post=3752"}],"version-history":[{"count":2,"href":"https:\/\/karwodrza.pl\/index.php\/wp-json\/wp\/v2\/posts\/3752\/revisions"}],"predecessor-version":[{"id":3771,"href":"https:\/\/karwodrza.pl\/index.php\/wp-json\/wp\/v2\/posts\/3752\/revisions\/3771"}],"wp:attachment":[{"href":"https:\/\/karwodrza.pl\/index.php\/wp-json\/wp\/v2\/media?parent=3752"}],"wp:term":[{"taxonomy":"category","embeddable":true,"href":"https:\/\/karwodrza.pl\/index.php\/wp-json\/wp\/v2\/categories?post=3752"},{"taxonomy":"post_tag","embeddable":true,"href":"https:\/\/karwodrza.pl\/index.php\/wp-json\/wp\/v2\/tags?post=3752"}],"curies":[{"name":"wp","href":"https:\/\/api.w.org\/{rel}","templated":true}]}}