{"id":3672,"date":"2025-10-08T11:59:56","date_gmt":"2025-10-08T09:59:56","guid":{"rendered":"https:\/\/karwodrza.pl\/?p=3672"},"modified":"2025-10-29T07:44:09","modified_gmt":"2025-10-29T06:44:09","slug":"szolenie-z-pierwszej-pomocy-i-obslugi-aed","status":"publish","type":"post","link":"https:\/\/karwodrza.pl\/index.php\/2025\/10\/08\/szolenie-z-pierwszej-pomocy-i-obslugi-aed\/","title":{"rendered":"Szkolenie z pierwszej pomocy i obs\u0142ugi AED &#8211; zaproszenie"},"content":{"rendered":"\n<p class=\"has-black-color has-text-color has-link-color wp-elements-b5f9f96bb90095206cb7a102989bfebc\">W imieniu OSP Karwodrza, zapraszamy serdecznie na szkolenie z pierwszej pomocy i z obs\u0142ugi AED, dedykowane mieszka\u0144com Karwodrzy, Trzemesnej i Zab\u0142\u0119dzy. Do wyboru jeden z trzech termin\u00f3w. Szczeg\u00f3\u0142y na plakacie. Zapisy telefoniczne. Ilo\u015b\u0107 miejsc ograniczona!<\/p>\n\n\n<div class=\"wp-block-image\">\n<figure class=\"aligncenter size-large\"><img loading=\"lazy\" decoding=\"async\" width=\"724\" height=\"1024\" src=\"https:\/\/karwodrza.pl\/wp-content\/uploads\/2025\/10\/AED-724x1024.png\" alt=\"\" class=\"wp-image-3673\" srcset=\"https:\/\/karwodrza.pl\/wp-content\/uploads\/2025\/10\/AED-724x1024.png 724w, https:\/\/karwodrza.pl\/wp-content\/uploads\/2025\/10\/AED-212x300.png 212w, https:\/\/karwodrza.pl\/wp-content\/uploads\/2025\/10\/AED-768x1086.png 768w, https:\/\/karwodrza.pl\/wp-content\/uploads\/2025\/10\/AED-1086x1536.png 1086w, https:\/\/karwodrza.pl\/wp-content\/uploads\/2025\/10\/AED-1448x2048.png 1448w, https:\/\/karwodrza.pl\/wp-content\/uploads\/2025\/10\/AED-1024x1449.png 1024w, https:\/\/karwodrza.pl\/wp-content\/uploads\/2025\/10\/AED-763x1080.png 763w, https:\/\/karwodrza.pl\/wp-content\/uploads\/2025\/10\/AED.png 1587w\" sizes=\"auto, (max-width: 724px) 100vw, 724px\" \/><\/figure>\n<\/div>\n\n<div class=\"wp-block-image\">\n<figure class=\"aligncenter size-large\"><img loading=\"lazy\" decoding=\"async\" width=\"1024\" height=\"99\" src=\"https:\/\/karwodrza.pl\/wp-content\/uploads\/2025\/10\/MMS_25_belka_-laczaca_social_media-1024x99.png\" alt=\"\" class=\"wp-image-3675\" srcset=\"https:\/\/karwodrza.pl\/wp-content\/uploads\/2025\/10\/MMS_25_belka_-laczaca_social_media-1024x99.png 1024w, https:\/\/karwodrza.pl\/wp-content\/uploads\/2025\/10\/MMS_25_belka_-laczaca_social_media-300x29.png 300w, https:\/\/karwodrza.pl\/wp-content\/uploads\/2025\/10\/MMS_25_belka_-laczaca_social_media-768x74.png 768w, https:\/\/karwodrza.pl\/wp-content\/uploads\/2025\/10\/MMS_25_belka_-laczaca_social_media-1536x148.png 1536w, https:\/\/karwodrza.pl\/wp-content\/uploads\/2025\/10\/MMS_25_belka_-laczaca_social_media-2048x198.png 2048w, https:\/\/karwodrza.pl\/wp-content\/uploads\/2025\/10\/MMS_25_belka_-laczaca_social_media-1920x185.png 1920w\" sizes=\"auto, (max-width: 1024px) 100vw, 1024px\" \/><\/figure>\n<\/div>","protected":false},"excerpt":{"rendered":"<p>W imieniu OSP Karwodrza, zapraszamy serdecznie na szkolenie z pierwszej pomocy i z obs\u0142ugi AED, dedykowane mieszka\u0144com Karwodrzy, Trzemesnej i Zab\u0142\u0119dzy. Do wyboru jeden z trzech termin\u00f3w. Szczeg\u00f3\u0142y na plakacie. Zapisy telefoniczne. Ilo\u015b\u0107 miejsc ograniczona!<\/p>\n","protected":false},"author":2,"featured_media":0,"comment_status":"open","ping_status":"open","sticky":false,"template":"","format":"standard","meta":{"footnotes":""},"categories":[1],"tags":[],"class_list":["post-3672","post","type-post","status-publish","format-standard","hentry","category-bez-kategorii"],"_links":{"self":[{"href":"https:\/\/karwodrza.pl\/index.php\/wp-json\/wp\/v2\/posts\/3672","targetHints":{"allow":["GET"]}}],"collection":[{"href":"https:\/\/karwodrza.pl\/index.php\/wp-json\/wp\/v2\/posts"}],"about":[{"href":"https:\/\/karwodrza.pl\/index.php\/wp-json\/wp\/v2\/types\/post"}],"author":[{"embeddable":true,"href":"https:\/\/karwodrza.pl\/index.php\/wp-json\/wp\/v2\/users\/2"}],"replies":[{"embeddable":true,"href":"https:\/\/karwodrza.pl\/index.php\/wp-json\/wp\/v2\/comments?post=3672"}],"version-history":[{"count":4,"href":"https:\/\/karwodrza.pl\/index.php\/wp-json\/wp\/v2\/posts\/3672\/revisions"}],"predecessor-version":[{"id":3770,"href":"https:\/\/karwodrza.pl\/index.php\/wp-json\/wp\/v2\/posts\/3672\/revisions\/3770"}],"wp:attachment":[{"href":"https:\/\/karwodrza.pl\/index.php\/wp-json\/wp\/v2\/media?parent=3672"}],"wp:term":[{"taxonomy":"category","embeddable":true,"href":"https:\/\/karwodrza.pl\/index.php\/wp-json\/wp\/v2\/categories?post=3672"},{"taxonomy":"post_tag","embeddable":true,"href":"https:\/\/karwodrza.pl\/index.php\/wp-json\/wp\/v2\/tags?post=3672"}],"curies":[{"name":"wp","href":"https:\/\/api.w.org\/{rel}","templated":true}]}}