{"id":3336,"date":"2025-03-23T19:46:52","date_gmt":"2025-03-23T18:46:52","guid":{"rendered":"https:\/\/karwodrza.pl\/?p=3336"},"modified":"2025-07-31T10:37:42","modified_gmt":"2025-07-31T08:37:42","slug":"v-rekreacyjny-rodzinny-rajd-pieszo-rowerowy-przez-karwodrze","status":"publish","type":"post","link":"https:\/\/karwodrza.pl\/index.php\/2025\/03\/23\/v-rekreacyjny-rodzinny-rajd-pieszo-rowerowy-przez-karwodrze\/","title":{"rendered":"V Rekreacyjny Rodzinny Rajd Pieszo-Rowerowy przez Karwodrz\u0119"},"content":{"rendered":"\n<p class=\"has-black-color has-text-color has-link-color wp-elements-a12a2564fae6c8cb8a7a56f30dabd66e\">Stowarzyszenie Mi\u0142o\u015bnik\u00f3w Karwodrzy zaprasza WSZYSTKICH na V Rekreacyjny Rodzinny Rajd Pieszo-Rowerowy przez Karwodrz\u0119.<\/p>\n\n\n\n<p class=\"has-black-color has-text-color has-link-color wp-elements-7ee98bbaba424e039eeaa920bcf9169d\">Uwaga! Przeczytaj opis do ko\u0144ca!<\/p>\n\n\n\n<p class=\"has-black-color has-text-color has-link-color wp-elements-740270eedec82d42cfd955e1fd9546c7\">Impreza odb\u0119dzie si\u0119 w niedziel\u0119 27 kwietnia i b\u0119dzie polega\u0107 na rekreacyjnym przeje\u017adzie rowerem lub przej\u015bciu pieszo wyznaczonej trasy. Trasy s\u0105 dwie \u2013 osobna dla rowerzyst\u00f3w o d\u0142ugo\u015bci ok. 14 km i przewy\u017cszeniu ok. 173 m i osobna dla piechur\u00f3w o d\u0142ugo\u015bci ok. 10 km i przewy\u017cszeniu ok. 157 m. Obie trasy wiod\u0105 drogami i dr\u00f3\u017ckami przez lasy i pola wok\u00f3\u0142 Karwodrzy i nie s\u0105 szczeg\u00f3lnie trudne. Dla doprecyzowania \u2013 rajd jest rajdem tylko z nazwy. W praktyce, to wsp\u00f3lny, rekreacyjny przejazd i przej\u015bcie, a nie wy\u015bcig maj\u0105cy wy\u0142oni\u0107 konkretnego zwyci\u0119zc\u0119. Wygranym jest ka\u017cdy bior\u0105cy udzia\u0142 w imprezie! Mapki i linki z trasami znajdziesz poni\u017cej. Pocz\u0105tek i koniec w obu przypadkach to Dom Stra\u017caka w Karwodrzy.<\/p>\n\n\n\n<p class=\"has-black-color has-text-color has-link-color wp-elements-2f0ce40da5947f8d97e297750451ebea\">Ka\u017cdy uczestnik imprezy dokonuje zg\u0142oszenia swojego uczestnictwa poprzez Messengera profilu Stowarzyszenia Mi\u0142o\u015bnik\u00f3w Karwodrzy na Facebooku lub na maila lukaszwlodarz@interia.pl oraz wp\u0142aca wpisowe w wysoko\u015bci 20 z\u0142 od osoby na konto SMK (nr konta: 26 1750 0012 0000 0000 3868 4884), za kt\u00f3re otrzyma pakiet startowy w postaci: na starcie butelki wody mineralnej i batonu, a na mecie pami\u0105tkowego medalu, kawy, herbaty i kie\u0142basy z grilla. W tytule wp\u0142aty wpisz \u201eWPISOWE RAJD 2025\u201d i podaj imi\u0119 i nazwisko uczestnika (lub imiona i nazwiska, je\u015bli zg\u0142aszasz wi\u0119cej os\u00f3b). Czas na zg\u0142oszenie i dokonanie wp\u0142aty? Od TERAZ do czwartku 24 kwietnia do godz. 23:59. Twoje zg\u0142oszenie potwierdzimy po zaksi\u0119gowaniu wp\u0142aty. Nie zd\u0105\u017cy\u0142e\u015b zarejestrowa\u0107 si\u0119 do 24 kwietnia? Nie martw si\u0119, tylko czytaj dalej, a znajdziesz rozwi\u0105zanie!<\/p>\n\n\n\n<p class=\"has-black-color has-text-color has-link-color wp-elements-01fd134815b3cfc81e4cb9a3d8a9f948\">A teraz harmonogram imprezy:<\/p>\n\n\n\n<p class=\"has-black-color has-text-color has-link-color wp-elements-983cea724d52fdc157f88839724a070a\">Godzina od 13:30 do 14:00\/15:00 \u2013 POCZ\u0104TEK! Zaczynamy przy Domu Stra\u017caka w Karwodrzy. Od tej godziny zesp\u00f3\u0142 SMK czeka na stanowiskach na zg\u0142oszenia os\u00f3b, kt\u00f3re wcze\u015bniej zarejestrowa\u0142y si\u0119 i op\u0142aci\u0142y wpisowe na V RRRPR. B\u0119dzie to r\u00f3wnie\u017c czas dla os\u00f3b, kt\u00f3re w ostatniej chwili zdecydowa\u0142y si\u0119 na strat i nie zd\u0105\u017cy\u0142y dokona\u0107 rejestracji wcze\u015bniej. Ale tu UWAGA! Takie osoby nie gwarantuj\u0105 sobie otrzymania pakietu startowego! Pakiety startowe przys\u0142uguj\u0105 wszystkim, kt\u00f3rzy zg\u0142osz\u0105 si\u0119 i op\u0142ac\u0105 wpisowe do czwartku 24 kwietnia do godz. 23:59. Zg\u0142aszaj\u0105cy sw\u00f3j udzia\u0142 w dniu imprezy otrzymaj\u0105 pakiet startowy TYLKO, je\u015bli b\u0119d\u0105 one jeszcze dost\u0119pne!<\/p>\n\n\n\n<p class=\"has-black-color has-text-color has-link-color wp-elements-2221962edcba3a913bcef11f86f0719a\">Godzina 14:00 \u2013 START grupy PIESZEJ. Spacerowicze, maszeruj\u0105cy, \u201enordingwalkingowcy\u201d i wszelacy inni piechurzy \u2013 to czas dla Was, bo o tej godzinie wyruszycie w drog\u0119.<\/p>\n\n\n\n<p class=\"has-black-color has-text-color has-link-color wp-elements-07becd2c1b512eec172c01a4cebb45ba\">Godzina 15:00 \u2013 START grupy ROWEROWEJ. Kolarze i \u201ekolarz\u00f3wki\u201d, czyli generalnie wszyscy lubi\u0105cy rowery \u2013 wtedy to Wy dosi\u0105dziecie swych maszyn i wyruszycie w drog\u0119.<\/p>\n\n\n\n<p class=\"has-black-color has-text-color has-link-color wp-elements-d6554bc2f587859e73d3f7a292a11776\">Oko\u0142o godziny 16:00 \u2013 16:30 \u2013 META! Gdy ju\u017c wszyscy, zar\u00f3wno piechurzy jak i rowerzy\u015bci dotr\u0105 z powrotem do Domu Stra\u017caka, to b\u0119d\u0105 mogli tam odpocz\u0105\u0107 po trudach jazdy czy w\u0119dr\u00f3wki. W\u0142a\u015bnie wtedy ka\u017cdy otrzyma pami\u0105tkowy medal, kie\u0142bas\u0119 z grilla wraz z kaw\u0105 lub herbat\u0105, oraz s\u0142odkie przek\u0105ski i \u015bwie\u017co robiony popcorn.<\/p>\n\n\n\n<p class=\"has-black-color has-text-color has-link-color wp-elements-6c598a05f7315576d01db56319010a77\">Godzina 18:00 \u2013 zako\u0144czenie imprezy.<\/p>\n\n\n\n<p class=\"has-black-color has-text-color has-link-color wp-elements-e5dcff7744cc3139523100e1f11a5ddd\">Link do mapki dla rowerzyst\u00f3w: <a href=\"https:\/\/www.mapmywalk.com\/routes\/view\/5945871301\" target=\"_blank\" rel=\"noreferrer noopener\">https:\/\/www.mapmywalk.com\/routes\/view\/5945871301<\/a><\/p>\n\n\n\n<p class=\"has-black-color has-text-color has-link-color wp-elements-6028a862a634ca17876250616dd6ba45\">Link do mapki dla piechur\u00f3w: <a href=\"https:\/\/www.mapmywalk.com\/routes\/view\/5945877160\" target=\"_blank\" rel=\"noreferrer noopener\">https:\/\/www.mapmywalk.com\/routes\/view\/5945877160<\/a><\/p>\n\n\n\n<p class=\"has-black-color has-text-color has-link-color wp-elements-f466ab7b12ba160108adf2020510676c\">Masz pytania? Zapraszamy do kontaktu poprzez naszego Messengera lub maila.<\/p>\n\n\n\n<p class=\"has-black-color has-text-color has-link-color wp-elements-5062d5d23a865821ce2979d3e85d2567\">Organizator: Stowarzyszenie Mi\u0142o\u015bnik\u00f3w Karwodrzy przy aktywnym wsparciu Ochotniczej Stra\u017cy Po\u017carnej w Karwodrzy, rady so\u0142eckiej w Karwodrzy i Domu Kultury w Tuchowie.<\/p>\n\n\n\n<p class=\"has-black-color has-text-color has-link-color wp-elements-6bb69072bcdd33aa4d5eb02ac541e8a1\">Pozdrawiamy i czekamy na Was!<\/p>\n\n\n\n<figure class=\"wp-block-gallery has-nested-images columns-1 is-cropped wp-block-gallery-1 is-layout-flex wp-block-gallery-is-layout-flex\">\n<figure class=\"wp-block-image size-large\"><img loading=\"lazy\" decoding=\"async\" width=\"724\" height=\"1024\" data-id=\"3337\" src=\"https:\/\/karwodrza.pl\/wp-content\/uploads\/2025\/03\/1-1-724x1024.jpg\" alt=\"\" class=\"wp-image-3337\" srcset=\"https:\/\/karwodrza.pl\/wp-content\/uploads\/2025\/03\/1-1-724x1024.jpg 724w, https:\/\/karwodrza.pl\/wp-content\/uploads\/2025\/03\/1-1-212x300.jpg 212w, https:\/\/karwodrza.pl\/wp-content\/uploads\/2025\/03\/1-1-768x1086.jpg 768w, https:\/\/karwodrza.pl\/wp-content\/uploads\/2025\/03\/1-1-1086x1536.jpg 1086w, https:\/\/karwodrza.pl\/wp-content\/uploads\/2025\/03\/1-1-1448x2048.jpg 1448w, https:\/\/karwodrza.pl\/wp-content\/uploads\/2025\/03\/1-1-1024x1449.jpg 1024w, https:\/\/karwodrza.pl\/wp-content\/uploads\/2025\/03\/1-1-763x1080.jpg 763w, https:\/\/karwodrza.pl\/wp-content\/uploads\/2025\/03\/1-1.jpg 1587w\" sizes=\"auto, (max-width: 724px) 100vw, 724px\" \/><\/figure>\n\n\n\n<figure class=\"wp-block-image size-large\"><img loading=\"lazy\" decoding=\"async\" width=\"1024\" height=\"708\" data-id=\"3338\" src=\"https:\/\/karwodrza.pl\/wp-content\/uploads\/2025\/03\/2-1024x708.png\" alt=\"\" class=\"wp-image-3338\" srcset=\"https:\/\/karwodrza.pl\/wp-content\/uploads\/2025\/03\/2-1024x708.png 1024w, https:\/\/karwodrza.pl\/wp-content\/uploads\/2025\/03\/2-300x207.png 300w, https:\/\/karwodrza.pl\/wp-content\/uploads\/2025\/03\/2-768x531.png 768w, https:\/\/karwodrza.pl\/wp-content\/uploads\/2025\/03\/2.png 1183w\" sizes=\"auto, (max-width: 1024px) 100vw, 1024px\" \/><\/figure>\n\n\n\n<figure class=\"wp-block-image size-large\"><img loading=\"lazy\" decoding=\"async\" width=\"1024\" height=\"681\" data-id=\"3339\" src=\"https:\/\/karwodrza.pl\/wp-content\/uploads\/2025\/03\/3-1024x681.png\" alt=\"\" class=\"wp-image-3339\" srcset=\"https:\/\/karwodrza.pl\/wp-content\/uploads\/2025\/03\/3-1024x681.png 1024w, https:\/\/karwodrza.pl\/wp-content\/uploads\/2025\/03\/3-300x200.png 300w, https:\/\/karwodrza.pl\/wp-content\/uploads\/2025\/03\/3-768x511.png 768w, https:\/\/karwodrza.pl\/wp-content\/uploads\/2025\/03\/3.png 1338w\" sizes=\"auto, (max-width: 1024px) 100vw, 1024px\" \/><\/figure>\n<\/figure>\n","protected":false},"excerpt":{"rendered":"<p>Stowarzyszenie Mi\u0142o\u015bnik\u00f3w Karwodrzy zaprasza WSZYSTKICH na V Rekreacyjny Rodzinny Rajd Pieszo-Rowerowy przez Karwodrz\u0119. Uwaga! Przeczytaj opis do ko\u0144ca! Impreza odb\u0119dzie si\u0119 w niedziel\u0119 27 kwietnia i b\u0119dzie polega\u0107 na rekreacyjnym przeje\u017adzie rowerem lub przej\u015bciu pieszo wyznaczonej trasy. Trasy s\u0105 dwie \u2013 osobna dla rowerzyst\u00f3w o d\u0142ugo\u015bci ok. 14 km i przewy\u017cszeniu ok. 173 m i&hellip; <br \/> <a class=\"read-more\" href=\"https:\/\/karwodrza.pl\/index.php\/2025\/03\/23\/v-rekreacyjny-rodzinny-rajd-pieszo-rowerowy-przez-karwodrze\/\">Dowiedz si\u0119 wi\u0119cej<\/a><\/p>\n","protected":false},"author":2,"featured_media":0,"comment_status":"open","ping_status":"open","sticky":false,"template":"","format":"standard","meta":{"footnotes":""},"categories":[1],"tags":[],"class_list":["post-3336","post","type-post","status-publish","format-standard","hentry","category-bez-kategorii"],"_links":{"self":[{"href":"https:\/\/karwodrza.pl\/index.php\/wp-json\/wp\/v2\/posts\/3336","targetHints":{"allow":["GET"]}}],"collection":[{"href":"https:\/\/karwodrza.pl\/index.php\/wp-json\/wp\/v2\/posts"}],"about":[{"href":"https:\/\/karwodrza.pl\/index.php\/wp-json\/wp\/v2\/types\/post"}],"author":[{"embeddable":true,"href":"https:\/\/karwodrza.pl\/index.php\/wp-json\/wp\/v2\/users\/2"}],"replies":[{"embeddable":true,"href":"https:\/\/karwodrza.pl\/index.php\/wp-json\/wp\/v2\/comments?post=3336"}],"version-history":[{"count":4,"href":"https:\/\/karwodrza.pl\/index.php\/wp-json\/wp\/v2\/posts\/3336\/revisions"}],"predecessor-version":[{"id":3559,"href":"https:\/\/karwodrza.pl\/index.php\/wp-json\/wp\/v2\/posts\/3336\/revisions\/3559"}],"wp:attachment":[{"href":"https:\/\/karwodrza.pl\/index.php\/wp-json\/wp\/v2\/media?parent=3336"}],"wp:term":[{"taxonomy":"category","embeddable":true,"href":"https:\/\/karwodrza.pl\/index.php\/wp-json\/wp\/v2\/categories?post=3336"},{"taxonomy":"post_tag","embeddable":true,"href":"https:\/\/karwodrza.pl\/index.php\/wp-json\/wp\/v2\/tags?post=3336"}],"curies":[{"name":"wp","href":"https:\/\/api.w.org\/{rel}","templated":true}]}}