{"id":3172,"date":"2024-12-23T17:20:41","date_gmt":"2024-12-23T16:20:41","guid":{"rendered":"https:\/\/karwodrza.pl\/?p=3172"},"modified":"2025-01-07T20:57:22","modified_gmt":"2025-01-07T19:57:22","slug":"viii-karwodrzanskie-koledowanie-pojdzmy-wszyscy","status":"publish","type":"post","link":"https:\/\/karwodrza.pl\/index.php\/2024\/12\/23\/viii-karwodrzanskie-koledowanie-pojdzmy-wszyscy\/","title":{"rendered":"VIII Karwodrza\u0144skie Kol\u0119dowanie &#8222;P\u00f3jd\u017amy Wszyscy&#8221; &#8211; zaproszenie"},"content":{"rendered":"\n<p>Stowarzyszenie Mi\u0142o\u015bnik\u00f3w Karwodrzy zaprasza na kolejne VIII Karwodrza\u0144skie Kol\u0119dowanie &#8222;P\u00f3jd\u017amy Wszyscy&#8221;, kt\u00f3re odb\u0119dzie si\u0119 w Domu Stra\u017caka w Karwodrzy w niedziel\u0119 5 stycznia o godzinie 16:00.<br>Zapraszamy gor\u0105co wszystkich mieszka\u0144c\u00f3w, sympatyk\u00f3w, oraz ka\u017cdego, kt\u00f3ry chce po\u015bpiewa\u0107 nasze tradycyjne kol\u0119dy i pastora\u0142ki, wypi\u0107 kaw\u0119 lub herbat\u0119 i zje\u015b\u0107 pyszne ciasto, a tak\u017ce porozmawia\u0107 i dobrze si\u0119 bawi\u0107 w gronie bliskich, znajomych i s\u0105siad\u00f3w.<br>ZAPRASZAMY \ud83d\ude42<\/p>\n\n\n\n<p><a href=\"https:\/\/www.facebook.com\/events\/928928269338336\">https:\/\/www.facebook.com\/events\/928928269338336<\/a><\/p>\n\n\n<div class=\"wp-block-image\">\n<figure class=\"aligncenter size-large\"><img loading=\"lazy\" decoding=\"async\" width=\"724\" height=\"1024\" src=\"https:\/\/karwodrza.pl\/wp-content\/uploads\/2024\/12\/VIII-KARWODRZANSKIE-KOLEDOWANIE-724x1024.jpg\" alt=\"\" class=\"wp-image-3173\" srcset=\"https:\/\/karwodrza.pl\/wp-content\/uploads\/2024\/12\/VIII-KARWODRZANSKIE-KOLEDOWANIE-724x1024.jpg 724w, https:\/\/karwodrza.pl\/wp-content\/uploads\/2024\/12\/VIII-KARWODRZANSKIE-KOLEDOWANIE-212x300.jpg 212w, https:\/\/karwodrza.pl\/wp-content\/uploads\/2024\/12\/VIII-KARWODRZANSKIE-KOLEDOWANIE-768x1086.jpg 768w, https:\/\/karwodrza.pl\/wp-content\/uploads\/2024\/12\/VIII-KARWODRZANSKIE-KOLEDOWANIE-1086x1536.jpg 1086w, https:\/\/karwodrza.pl\/wp-content\/uploads\/2024\/12\/VIII-KARWODRZANSKIE-KOLEDOWANIE-1448x2048.jpg 1448w, https:\/\/karwodrza.pl\/wp-content\/uploads\/2024\/12\/VIII-KARWODRZANSKIE-KOLEDOWANIE-1024x1449.jpg 1024w, https:\/\/karwodrza.pl\/wp-content\/uploads\/2024\/12\/VIII-KARWODRZANSKIE-KOLEDOWANIE-763x1080.jpg 763w, https:\/\/karwodrza.pl\/wp-content\/uploads\/2024\/12\/VIII-KARWODRZANSKIE-KOLEDOWANIE.jpg 1587w\" sizes=\"auto, (max-width: 724px) 100vw, 724px\" \/><\/figure>\n<\/div>","protected":false},"excerpt":{"rendered":"<p>Stowarzyszenie Mi\u0142o\u015bnik\u00f3w Karwodrzy zaprasza na kolejne VIII Karwodrza\u0144skie Kol\u0119dowanie &#8222;P\u00f3jd\u017amy Wszyscy&#8221;, kt\u00f3re odb\u0119dzie si\u0119 w Domu Stra\u017caka w Karwodrzy w niedziel\u0119 5 stycznia o godzinie 16:00.Zapraszamy gor\u0105co wszystkich mieszka\u0144c\u00f3w, sympatyk\u00f3w, oraz ka\u017cdego, kt\u00f3ry chce po\u015bpiewa\u0107 nasze tradycyjne kol\u0119dy i pastora\u0142ki, wypi\u0107 kaw\u0119 lub herbat\u0119 i zje\u015b\u0107 pyszne ciasto, a tak\u017ce porozmawia\u0107 i dobrze si\u0119 bawi\u0107&hellip; <br \/> <a class=\"read-more\" href=\"https:\/\/karwodrza.pl\/index.php\/2024\/12\/23\/viii-karwodrzanskie-koledowanie-pojdzmy-wszyscy\/\">Dowiedz si\u0119 wi\u0119cej<\/a><\/p>\n","protected":false},"author":2,"featured_media":0,"comment_status":"open","ping_status":"open","sticky":false,"template":"","format":"standard","meta":{"footnotes":""},"categories":[1],"tags":[],"class_list":["post-3172","post","type-post","status-publish","format-standard","hentry","category-bez-kategorii"],"_links":{"self":[{"href":"https:\/\/karwodrza.pl\/index.php\/wp-json\/wp\/v2\/posts\/3172","targetHints":{"allow":["GET"]}}],"collection":[{"href":"https:\/\/karwodrza.pl\/index.php\/wp-json\/wp\/v2\/posts"}],"about":[{"href":"https:\/\/karwodrza.pl\/index.php\/wp-json\/wp\/v2\/types\/post"}],"author":[{"embeddable":true,"href":"https:\/\/karwodrza.pl\/index.php\/wp-json\/wp\/v2\/users\/2"}],"replies":[{"embeddable":true,"href":"https:\/\/karwodrza.pl\/index.php\/wp-json\/wp\/v2\/comments?post=3172"}],"version-history":[{"count":3,"href":"https:\/\/karwodrza.pl\/index.php\/wp-json\/wp\/v2\/posts\/3172\/revisions"}],"predecessor-version":[{"id":3203,"href":"https:\/\/karwodrza.pl\/index.php\/wp-json\/wp\/v2\/posts\/3172\/revisions\/3203"}],"wp:attachment":[{"href":"https:\/\/karwodrza.pl\/index.php\/wp-json\/wp\/v2\/media?parent=3172"}],"wp:term":[{"taxonomy":"category","embeddable":true,"href":"https:\/\/karwodrza.pl\/index.php\/wp-json\/wp\/v2\/categories?post=3172"},{"taxonomy":"post_tag","embeddable":true,"href":"https:\/\/karwodrza.pl\/index.php\/wp-json\/wp\/v2\/tags?post=3172"}],"curies":[{"name":"wp","href":"https:\/\/api.w.org\/{rel}","templated":true}]}}