{"id":3135,"date":"2024-10-23T08:34:06","date_gmt":"2024-10-23T06:34:06","guid":{"rendered":"https:\/\/karwodrza.pl\/?p=3135"},"modified":"2024-10-23T08:34:06","modified_gmt":"2024-10-23T06:34:06","slug":"wieczornica-2024","status":"publish","type":"post","link":"https:\/\/karwodrza.pl\/index.php\/2024\/10\/23\/wieczornica-2024\/","title":{"rendered":"WIECZORNICA 2024"},"content":{"rendered":"\n<p>Stowarzyszenie Mi\u0142o\u015bnik\u00f3w Karwodrzy zaprasza na tradycyjn\u0105, pi\u0105t\u0105 ju\u017c WIECZORNIC\u0118, kt\u00f3ra odb\u0119dzie si\u0119 w sobot\u0119 9.XI.2024 r. w godz. 16:00 &#8211; 19:00 w Domu Stra\u017caka w Karwodrzy. W programie wspomnienia, pie\u015bni patriotyczne oraz biesiadne przy kawie, herbacie i domowym cie\u015bcie. Zapraszamy!<\/p>\n\n\n<div class=\"wp-block-image\">\n<figure class=\"aligncenter size-large\"><img loading=\"lazy\" decoding=\"async\" width=\"1024\" height=\"683\" src=\"https:\/\/karwodrza.pl\/wp-content\/uploads\/2024\/10\/v975-background-04-b-\u2014-kopia-1024x683.jpg\" alt=\"\" class=\"wp-image-3136\" srcset=\"https:\/\/karwodrza.pl\/wp-content\/uploads\/2024\/10\/v975-background-04-b-\u2014-kopia-1024x683.jpg 1024w, https:\/\/karwodrza.pl\/wp-content\/uploads\/2024\/10\/v975-background-04-b-\u2014-kopia-300x200.jpg 300w, https:\/\/karwodrza.pl\/wp-content\/uploads\/2024\/10\/v975-background-04-b-\u2014-kopia-768x512.jpg 768w, https:\/\/karwodrza.pl\/wp-content\/uploads\/2024\/10\/v975-background-04-b-\u2014-kopia-1536x1024.jpg 1536w, https:\/\/karwodrza.pl\/wp-content\/uploads\/2024\/10\/v975-background-04-b-\u2014-kopia-2048x1366.jpg 2048w, https:\/\/karwodrza.pl\/wp-content\/uploads\/2024\/10\/v975-background-04-b-\u2014-kopia-1620x1080.jpg 1620w\" sizes=\"auto, (max-width: 1024px) 100vw, 1024px\" \/><figcaption class=\"wp-element-caption\">Fall leaves beige background vector<\/figcaption><\/figure>\n<\/div>","protected":false},"excerpt":{"rendered":"<p>Stowarzyszenie Mi\u0142o\u015bnik\u00f3w Karwodrzy zaprasza na tradycyjn\u0105, pi\u0105t\u0105 ju\u017c WIECZORNIC\u0118, kt\u00f3ra odb\u0119dzie si\u0119 w sobot\u0119 9.XI.2024 r. w godz. 16:00 &#8211; 19:00 w Domu Stra\u017caka w Karwodrzy. W programie wspomnienia, pie\u015bni patriotyczne oraz biesiadne przy kawie, herbacie i domowym cie\u015bcie. Zapraszamy!<\/p>\n","protected":false},"author":2,"featured_media":0,"comment_status":"open","ping_status":"open","sticky":false,"template":"","format":"standard","meta":{"footnotes":""},"categories":[1],"tags":[],"class_list":["post-3135","post","type-post","status-publish","format-standard","hentry","category-bez-kategorii"],"_links":{"self":[{"href":"https:\/\/karwodrza.pl\/index.php\/wp-json\/wp\/v2\/posts\/3135","targetHints":{"allow":["GET"]}}],"collection":[{"href":"https:\/\/karwodrza.pl\/index.php\/wp-json\/wp\/v2\/posts"}],"about":[{"href":"https:\/\/karwodrza.pl\/index.php\/wp-json\/wp\/v2\/types\/post"}],"author":[{"embeddable":true,"href":"https:\/\/karwodrza.pl\/index.php\/wp-json\/wp\/v2\/users\/2"}],"replies":[{"embeddable":true,"href":"https:\/\/karwodrza.pl\/index.php\/wp-json\/wp\/v2\/comments?post=3135"}],"version-history":[{"count":1,"href":"https:\/\/karwodrza.pl\/index.php\/wp-json\/wp\/v2\/posts\/3135\/revisions"}],"predecessor-version":[{"id":3137,"href":"https:\/\/karwodrza.pl\/index.php\/wp-json\/wp\/v2\/posts\/3135\/revisions\/3137"}],"wp:attachment":[{"href":"https:\/\/karwodrza.pl\/index.php\/wp-json\/wp\/v2\/media?parent=3135"}],"wp:term":[{"taxonomy":"category","embeddable":true,"href":"https:\/\/karwodrza.pl\/index.php\/wp-json\/wp\/v2\/categories?post=3135"},{"taxonomy":"post_tag","embeddable":true,"href":"https:\/\/karwodrza.pl\/index.php\/wp-json\/wp\/v2\/tags?post=3135"}],"curies":[{"name":"wp","href":"https:\/\/api.w.org\/{rel}","templated":true}]}}