{"id":2986,"date":"2024-08-23T09:44:34","date_gmt":"2024-08-23T07:44:34","guid":{"rendered":"https:\/\/karwodrza.pl\/?p=2986"},"modified":"2024-08-23T09:44:34","modified_gmt":"2024-08-23T07:44:34","slug":"dozynki-2024-w-karwodrzy","status":"publish","type":"post","link":"https:\/\/karwodrza.pl\/index.php\/2024\/08\/23\/dozynki-2024-w-karwodrzy\/","title":{"rendered":"Do\u017cynki 2024 w Karwodrzy"},"content":{"rendered":"\n<p>Z ogromn\u0105 rado\u015bci\u0105 pragniemy zaprosi\u0107 do Karwodrzy na DO\u017bYNKI 2024, kt\u00f3re odb\u0119d\u0105 si\u0119 w sobot\u0119 31.08.2024 r. w Domu Stra\u017caka w Karwodrzy.<\/p>\n\n\n\n<p>Dla dzieci dmuchane zamki i rozpocz\u0119cie o godz. 15:00. Dla doros\u0142ych pocz\u0119stunek i zabawa z muzyk\u0105 do bia\u0142ego rana, a rozpocz\u0119cie o 17:00.<\/p>\n\n\n\n<p>Do\u017cynki to szczeg\u00f3lny czas podzi\u0119kowania za tegoroczne plony oraz okazja do \u015bwi\u0119towania. Zapraszamy do wsp\u00f3lnego \u015bwi\u0119towania tego wyj\u0105tkowego dna.<\/p>\n\n\n\n<p>Z powa\u017caniem organizatorzy: mieszka\u0144cy Karwodrzy oraz so\u0142tys z rad\u0105 so\u0142eck\u0105 i radnym.<\/p>\n\n\n<div class=\"wp-block-image\">\n<figure class=\"aligncenter size-large\"><img loading=\"lazy\" decoding=\"async\" width=\"1024\" height=\"701\" src=\"https:\/\/karwodrza.pl\/wp-content\/uploads\/2024\/08\/Plakat-dozynki-Karwodrza-A3-10-szt-1024x701.jpg\" alt=\"\" class=\"wp-image-2987\" srcset=\"https:\/\/karwodrza.pl\/wp-content\/uploads\/2024\/08\/Plakat-dozynki-Karwodrza-A3-10-szt-1024x701.jpg 1024w, https:\/\/karwodrza.pl\/wp-content\/uploads\/2024\/08\/Plakat-dozynki-Karwodrza-A3-10-szt-300x205.jpg 300w, https:\/\/karwodrza.pl\/wp-content\/uploads\/2024\/08\/Plakat-dozynki-Karwodrza-A3-10-szt-768x526.jpg 768w, https:\/\/karwodrza.pl\/wp-content\/uploads\/2024\/08\/Plakat-dozynki-Karwodrza-A3-10-szt-1536x1052.jpg 1536w, https:\/\/karwodrza.pl\/wp-content\/uploads\/2024\/08\/Plakat-dozynki-Karwodrza-A3-10-szt-2048x1403.jpg 2048w, https:\/\/karwodrza.pl\/wp-content\/uploads\/2024\/08\/Plakat-dozynki-Karwodrza-A3-10-szt-1577x1080.jpg 1577w\" sizes=\"auto, (max-width: 1024px) 100vw, 1024px\" \/><figcaption class=\"wp-element-caption\">agricultural field with rye ears isolated close up<\/figcaption><\/figure>\n<\/div>","protected":false},"excerpt":{"rendered":"<p>Z ogromn\u0105 rado\u015bci\u0105 pragniemy zaprosi\u0107 do Karwodrzy na DO\u017bYNKI 2024, kt\u00f3re odb\u0119d\u0105 si\u0119 w sobot\u0119 31.08.2024 r. w Domu Stra\u017caka w Karwodrzy. Dla dzieci dmuchane zamki i rozpocz\u0119cie o godz. 15:00. Dla doros\u0142ych pocz\u0119stunek i zabawa z muzyk\u0105 do bia\u0142ego rana, a rozpocz\u0119cie o 17:00. Do\u017cynki to szczeg\u00f3lny czas podzi\u0119kowania za tegoroczne plony oraz okazja&hellip; <br \/> <a class=\"read-more\" href=\"https:\/\/karwodrza.pl\/index.php\/2024\/08\/23\/dozynki-2024-w-karwodrzy\/\">Dowiedz si\u0119 wi\u0119cej<\/a><\/p>\n","protected":false},"author":2,"featured_media":0,"comment_status":"open","ping_status":"open","sticky":false,"template":"","format":"standard","meta":{"footnotes":""},"categories":[1],"tags":[],"class_list":["post-2986","post","type-post","status-publish","format-standard","hentry","category-bez-kategorii"],"_links":{"self":[{"href":"https:\/\/karwodrza.pl\/index.php\/wp-json\/wp\/v2\/posts\/2986","targetHints":{"allow":["GET"]}}],"collection":[{"href":"https:\/\/karwodrza.pl\/index.php\/wp-json\/wp\/v2\/posts"}],"about":[{"href":"https:\/\/karwodrza.pl\/index.php\/wp-json\/wp\/v2\/types\/post"}],"author":[{"embeddable":true,"href":"https:\/\/karwodrza.pl\/index.php\/wp-json\/wp\/v2\/users\/2"}],"replies":[{"embeddable":true,"href":"https:\/\/karwodrza.pl\/index.php\/wp-json\/wp\/v2\/comments?post=2986"}],"version-history":[{"count":1,"href":"https:\/\/karwodrza.pl\/index.php\/wp-json\/wp\/v2\/posts\/2986\/revisions"}],"predecessor-version":[{"id":2988,"href":"https:\/\/karwodrza.pl\/index.php\/wp-json\/wp\/v2\/posts\/2986\/revisions\/2988"}],"wp:attachment":[{"href":"https:\/\/karwodrza.pl\/index.php\/wp-json\/wp\/v2\/media?parent=2986"}],"wp:term":[{"taxonomy":"category","embeddable":true,"href":"https:\/\/karwodrza.pl\/index.php\/wp-json\/wp\/v2\/categories?post=2986"},{"taxonomy":"post_tag","embeddable":true,"href":"https:\/\/karwodrza.pl\/index.php\/wp-json\/wp\/v2\/tags?post=2986"}],"curies":[{"name":"wp","href":"https:\/\/api.w.org\/{rel}","templated":true}]}}