{"id":2655,"date":"2024-03-08T12:30:08","date_gmt":"2024-03-08T11:30:08","guid":{"rendered":"https:\/\/karwodrza.pl\/?p=2655"},"modified":"2024-04-18T08:45:06","modified_gmt":"2024-04-18T06:45:06","slug":"wybory-soltysa-i-czlonkow-rady-soleckiej-17-03-2024","status":"publish","type":"post","link":"https:\/\/karwodrza.pl\/index.php\/2024\/03\/08\/wybory-soltysa-i-czlonkow-rady-soleckiej-17-03-2024\/","title":{"rendered":"Wybory so\u0142tysa i cz\u0142onk\u00f3w Rady So\u0142eckiej &#8211; 17.03.2024"},"content":{"rendered":"\n<p class=\"has-text-align-left\">Obwieszczenie Gminnej Komisji Wyborczej w Tuchowie o zg\u0142oszonych i zarejestrowanych kandydatach na so\u0142tysa i cz\u0142onk\u00f3w Rady So\u0142eckiej So\u0142ectwa Karwodrza w wyborach zarz\u0105dzonych na dzie\u0144 17 marca 2024 r.<\/p>\n\n\n\n<p class=\"has-text-align-left\">Wybory odb\u0119d\u0105 si\u0119 w lokalu wyborczym umiejscowionym z Szkole Podstawowej w Karwodrzy w dniu 17 marca 2024 r. w godzinach od 7:00 do 17:00.<\/p>\n\n\n\n<p class=\"has-text-align-left\">By odda\u0107 WA\u017bNY g\u0142os, nale\u017cy:<\/p>\n\n\n\n<p class=\"has-text-align-left\">&#8211; na karcie do g\u0142osowania na SO\u0141TYSA zaznaczy\u0107 X w kratce obok nazwiska kandydata na kt\u00f3rego chce si\u0119 odda\u0107 g\u0142os. Brak znaku X przy \u017cadnym nazwisku lub postawienie wi\u0119cej ni\u017c jednego znaku X oznacza g\u0142os NIEWA\u017bNY.<\/p>\n\n\n\n<p class=\"has-text-align-left\">&#8211; na karcie do g\u0142osowania na CZ\u0141ONK\u00d3W RADY SO\u0141ECKIEJ nale\u017cy zaznaczy\u0107 X minimalnie na jednego, a maksymalnie na siedmiu cz\u0142onk\u00f3w. Brak znaku X przy \u017cadnym nazwisku lub postawienie wi\u0119cej ni\u017c siedmiu znak\u00f3w X oznacza g\u0142os NIEWA\u017bNY.<\/p>\n\n\n<div class=\"wp-block-image\">\n<figure class=\"aligncenter size-large\"><img loading=\"lazy\" decoding=\"async\" width=\"1024\" height=\"647\" src=\"https:\/\/karwodrza.pl\/wp-content\/uploads\/2024\/03\/WhatsApp-Image-2024-03-08-at-11.42.03-2-1024x647.jpg\" alt=\"\" class=\"wp-image-2656\" srcset=\"https:\/\/karwodrza.pl\/wp-content\/uploads\/2024\/03\/WhatsApp-Image-2024-03-08-at-11.42.03-2-1024x647.jpg 1024w, https:\/\/karwodrza.pl\/wp-content\/uploads\/2024\/03\/WhatsApp-Image-2024-03-08-at-11.42.03-2-300x190.jpg 300w, https:\/\/karwodrza.pl\/wp-content\/uploads\/2024\/03\/WhatsApp-Image-2024-03-08-at-11.42.03-2-768x486.jpg 768w, https:\/\/karwodrza.pl\/wp-content\/uploads\/2024\/03\/WhatsApp-Image-2024-03-08-at-11.42.03-2-1536x971.jpg 1536w, https:\/\/karwodrza.pl\/wp-content\/uploads\/2024\/03\/WhatsApp-Image-2024-03-08-at-11.42.03-2-427x270.jpg 427w, https:\/\/karwodrza.pl\/wp-content\/uploads\/2024\/03\/WhatsApp-Image-2024-03-08-at-11.42.03-2.jpg 1928w\" sizes=\"auto, (max-width: 1024px) 100vw, 1024px\" \/><\/figure>\n<\/div>","protected":false},"excerpt":{"rendered":"<p>Obwieszczenie Gminnej Komisji Wyborczej w Tuchowie o zg\u0142oszonych i zarejestrowanych kandydatach na so\u0142tysa i cz\u0142onk\u00f3w Rady So\u0142eckiej So\u0142ectwa Karwodrza w wyborach zarz\u0105dzonych na dzie\u0144 17 marca 2024 r. Wybory odb\u0119d\u0105 si\u0119 w lokalu wyborczym umiejscowionym z Szkole Podstawowej w Karwodrzy w dniu 17 marca 2024 r. w godzinach od 7:00 do 17:00. By odda\u0107 WA\u017bNY&hellip; <br \/> <a class=\"read-more\" href=\"https:\/\/karwodrza.pl\/index.php\/2024\/03\/08\/wybory-soltysa-i-czlonkow-rady-soleckiej-17-03-2024\/\">Dowiedz si\u0119 wi\u0119cej<\/a><\/p>\n","protected":false},"author":2,"featured_media":0,"comment_status":"open","ping_status":"open","sticky":false,"template":"","format":"standard","meta":{"footnotes":""},"categories":[1],"tags":[],"class_list":["post-2655","post","type-post","status-publish","format-standard","hentry","category-bez-kategorii"],"_links":{"self":[{"href":"https:\/\/karwodrza.pl\/index.php\/wp-json\/wp\/v2\/posts\/2655","targetHints":{"allow":["GET"]}}],"collection":[{"href":"https:\/\/karwodrza.pl\/index.php\/wp-json\/wp\/v2\/posts"}],"about":[{"href":"https:\/\/karwodrza.pl\/index.php\/wp-json\/wp\/v2\/types\/post"}],"author":[{"embeddable":true,"href":"https:\/\/karwodrza.pl\/index.php\/wp-json\/wp\/v2\/users\/2"}],"replies":[{"embeddable":true,"href":"https:\/\/karwodrza.pl\/index.php\/wp-json\/wp\/v2\/comments?post=2655"}],"version-history":[{"count":4,"href":"https:\/\/karwodrza.pl\/index.php\/wp-json\/wp\/v2\/posts\/2655\/revisions"}],"predecessor-version":[{"id":2802,"href":"https:\/\/karwodrza.pl\/index.php\/wp-json\/wp\/v2\/posts\/2655\/revisions\/2802"}],"wp:attachment":[{"href":"https:\/\/karwodrza.pl\/index.php\/wp-json\/wp\/v2\/media?parent=2655"}],"wp:term":[{"taxonomy":"category","embeddable":true,"href":"https:\/\/karwodrza.pl\/index.php\/wp-json\/wp\/v2\/categories?post=2655"},{"taxonomy":"post_tag","embeddable":true,"href":"https:\/\/karwodrza.pl\/index.php\/wp-json\/wp\/v2\/tags?post=2655"}],"curies":[{"name":"wp","href":"https:\/\/api.w.org\/{rel}","templated":true}]}}