{"id":2649,"date":"2024-03-07T19:56:10","date_gmt":"2024-03-07T18:56:10","guid":{"rendered":"https:\/\/karwodrza.pl\/?p=2649"},"modified":"2024-04-12T04:47:45","modified_gmt":"2024-04-12T02:47:45","slug":"zaproszenie-na-iv-charytatywny-rodzinny-rajd-pieszo-rowerowy-przez-karwodrze-28-04-2024","status":"publish","type":"post","link":"https:\/\/karwodrza.pl\/index.php\/2024\/03\/07\/zaproszenie-na-iv-charytatywny-rodzinny-rajd-pieszo-rowerowy-przez-karwodrze-28-04-2024\/","title":{"rendered":"Zaproszenie na IV Charytatywny Rodzinny Rajd Pieszo-Rowerowy przez Karwodrz\u0119 &#8211; 28.04.2024"},"content":{"rendered":"\n<p class=\"has-text-align-center\"><strong>Stowarzyszenie Mi\u0142o\u015bnik\u00f3w Karwodrzy zaprasza WSZYSTKICH na IV Charytatywny Rodzinny Rajd Pieszo-Rowerowy przez Karwodrz\u0119.<\/strong><\/p>\n\n\n\n<p class=\"has-text-align-center\"><strong>Impreza odb\u0119dzie si\u0119 w niedziel\u0119 28 kwietnia, a WSZYSTKIE zebrane \u015brodki zostan\u0105 przekazane na wyposa\u017cenie naszej pr\u0119\u017cnie dzia\u0142aj\u0105cej i wci\u0105\u017c rozwijaj\u0105cej si\u0119 M\u0142odzie\u017cowej Dru\u017cyny Po\u017carniczej istniej\u0105cej przy Ochotniczej Stra\u017cy Po\u017carnej w Karwodrzy.<\/strong><\/p>\n\n\n\n<p class=\"has-text-align-center\"><strong>Impreza b\u0119dzie polega\u0107 na przeje\u017adzie rowerem lub przej\u015bciu pieszo wyznaczonej trasy. W tym roku trasy b\u0119d\u0105 cz\u0119\u015bciowo nieco inne, a w dodatku dwie \u2013 osobna dla rowerzyst\u00f3w o d\u0142ugo\u015bci ok. 14 km i przewy\u017cszeniu ok. 173 m i osobna dla piechur\u00f3w o d\u0142ugo\u015bci ok. 10 km i przewy\u017cszeniu ok. 157 m. Obie trasy wiod\u0105 drogami i dr\u00f3\u017ckami przez lasy i pola wok\u00f3\u0142 Karwodrzy i nie s\u0105 szczeg\u00f3lnie trudne. Dla doprecyzowania &#8211; rajd jest rajdem tylko z nazwy. W praktyce, to wsp\u00f3lny, rekreacyjny przejazd i przej\u015bcie, a nie wy\u015bcig maj\u0105cy wy\u0142oni\u0107 konkretnego zwyci\u0119zc\u0119. Wygranym jest ka\u017cdy bior\u0105cy udzia\u0142 w imprezie! Mapki i linki z trasami znajdziesz poni\u017cej. Pocz\u0105tek i koniec w obu przypadkach to Dom Stra\u017caka w Karwodrzy.<\/strong><\/p>\n\n\n\n<p class=\"has-text-align-center\"><strong>Ka\u017cdy uczestnik imprezy dokonuje zg\u0142oszenia swojego uczestnictwa poprzez Messengera profilu Stowarzyszenia Mi\u0142o\u015bnik\u00f3w Karwodrzy na Facebooku lub na maila <a href=\"mailto:lukaszwlodarz@interia.pl\">lukaszwlodarz@interia.pl<\/a> oraz wp\u0142aca wpisowe na konto SMK (nr konta: 26 1750 0012 0000 0000 3868 4884), kt\u00f3re w ca\u0142o\u015bci zostanie przekazane M\u0142odzie\u017cowej Dru\u017cynie Po\u017carniczej z Karwodrzy. Wysoko\u015b\u0107 wpisowego to 20 z\u0142 za dziecko i 30 z\u0142 za doros\u0142ego. Chcesz wp\u0142aci\u0107 wi\u0119cej? \u015amia\u0142o! Twoje pieni\u0105dze w ca\u0142o\u015bci trafi\u0105 do MDP! W tytule wp\u0142aty wpisz \u201eWPISOWE RAJD 2024\u201d i podaj imi\u0119 i nazwisko uczestnika (lub imiona i nazwiska, je\u015bli zg\u0142aszasz wi\u0119cej os\u00f3b). Czas na zg\u0142oszenie i dokonanie wp\u0142aty? Od TERAZ do czwartku 25 kwietnia do godz. 23:59. Twoje zg\u0142oszenie potwierdzimy po zaksi\u0119gowaniu wp\u0142aty. Nie zd\u0105\u017cy\u0142e\u015b zarejestrowa\u0107 si\u0119 do 25 kwietnia? Nie martw si\u0119, tylko czytaj dalej, a znajdziesz rozwi\u0105zanie!<\/strong><\/p>\n\n\n\n<p class=\"has-text-align-center\"><strong>Pr\u00f3cz naszej aktywno\u015bci w postaci przejazdu lub przej\u015bcia wyznaczonej trasy, w Domu Stra\u017caka b\u0119dzie mo\u017cna zakupi\u0107 s\u0142ynne ju\u017c CIASTA Z KARWODRZY, kt\u00f3re przygotuj\u0105 Panie ze Stowarzyszenia Mi\u0142o\u015bnik\u00f3w Karwodrzy. R\u00f3wnie\u017c doch\u00f3d z ich sprzeda\u017cy w ca\u0142o\u015bci trafi do naszej stra\u017cackiej m\u0142odzie\u017c\u00f3wki.<\/strong><\/p>\n\n\n\n<p class=\"has-text-align-center\"><strong>Ka\u017cdy ze zg\u0142oszonych uczestnik\u00f3w otrzyma \u201epakiet startowy\u201d w sk\u0142ad kt\u00f3rego wchodzi: woda mineralna, co\u015b s\u0142odkiego, bon na kie\u0142bas\u0119 z grilla, kaw\u0119 lub herbat\u0119 i medal pami\u0105tkowy z wydarzenia!<\/strong><\/p>\n\n\n\n<p class=\"has-text-align-center\"><strong>A teraz harmonogram imprezy:<\/strong><\/p>\n\n\n\n<p class=\"has-text-align-center\"><strong>Godzina od 12:30 do 14:00\/15:00 \u2013 pocz\u0105tek! Zaczynamy przy Domu Stra\u017caka w Karwodrzy. Od tej godziny zesp\u00f3\u0142 SMK czeka na stanowiskach na zg\u0142oszenia os\u00f3b, kt\u00f3re wcze\u015bniej zarejestrowa\u0142y si\u0119 i op\u0142aci\u0142y wpisowe na IVChRRPR. W tym czasie b\u0119dzie mo\u017cna skorzysta\u0107 z kawy, herbaty lub zakupi\u0107 ciasta. B\u0119dzie to r\u00f3wnie\u017c czas dla os\u00f3b, kt\u00f3re w ostatniej chwili zdecydowa\u0142y si\u0119 na strat i nie zd\u0105\u017cy\u0142y dokona\u0107 rejestracji wcze\u015bniej. Ale tu UWAGA! Takie osoby nie gwarantuj\u0105 sobie otrzymania pakietu startowego! Pakiety startowe przys\u0142uguj\u0105 wszystkim, kt\u00f3rzy zg\u0142osz\u0105 si\u0119 i op\u0142ac\u0105 wpisowe do czwartku 25 kwietnia do godz. 23:59. Zg\u0142aszaj\u0105cy sw\u00f3j udzia\u0142 w dniu imprezy otrzymaj\u0105 pakiet startowy TYLKO, je\u015bli b\u0119d\u0105 one jeszcze dost\u0119pne!<\/strong><\/p>\n\n\n\n<p class=\"has-text-align-center\"><strong>Godzina 14:00 &#8211; start grupy PIESZEJ. Spacerowicze, maszeruj\u0105cy, \u201enordingwalkingowcy\u201d i wszelacy inni piechurzy \u2013 to czas dla Was, bo o tej godzinie wyruszacie w drog\u0119.<\/strong><\/p>\n\n\n\n<p class=\"has-text-align-center\"><strong>Godzina 15:00 \u2013 start grupy ROWEROWEJ. Kolarze i \u201ekolarz\u00f3wki\u201d, czyli generalnie wszyscy lubi\u0105cy rowery \u2013 wtedy to Wy dosi\u0105dziecie swych maszyn i ruszycie w drog\u0119.<\/strong><\/p>\n\n\n\n<p class=\"has-text-align-center\"><strong>Oko\u0142o godziny 16:00 \u2013 16:30 \u2013 META! Gdy ju\u017c wszyscy, zar\u00f3wno piechurzy jak i rowerzy\u015bci dotr\u0105 z powrotem do Domu Stra\u017caka, b\u0119dzie mo\u017cna wtedy wykorzysta\u0107 sw\u00f3j bon na kie\u0142bas\u0119 z grilla, kaw\u0119 czy herbat\u0119 i odpocz\u0105\u0107 po trudach jazdy czy w\u0119dr\u00f3wki. B\u0119dzie mo\u017cna r\u00f3wnie\u017c naby\u0107 s\u0142odko\u015bci przygotowane przez Panie z SMK. A je\u015bli b\u0119dziesz chcia\u0142 lub chcia\u0142a, to mo\u017cesz r\u00f3wnie\u017c w tym czasie dorzuci\u0107 co\u015b do skarbonki, bo pami\u0119taj \u2013 wszystkie zebrane pieni\u0105dze trafi\u0105 do MDP!<\/strong><\/p>\n\n\n\n<p class=\"has-text-align-center\"><strong>Godzina 18:00 \u2013 zako\u0144czenie imprezy.<\/strong><\/p>\n\n\n\n<p class=\"has-text-align-center\"><strong>Link do mapki dla rowerzyst\u00f3w: https:\/\/www.mapmywalk.com\/routes\/view\/5945871301<\/strong><\/p>\n\n\n\n<p class=\"has-text-align-center\"><strong>Link do mapki dla piechur\u00f3w: https:\/\/www.mapmywalk.com\/routes\/view\/5945877160<\/strong><\/p>\n\n\n\n<p class=\"has-text-align-center\"><strong>Masz pytania? Zapraszamy do kontaktu poprzez naszego Messengera lub maila.<\/strong><\/p>\n\n\n\n<p class=\"has-text-align-center\"><strong>Organizator: Stowarzyszenie Mi\u0142o\u015bnik\u00f3w Karwodrzy.<\/strong><\/p>\n\n\n\n<p class=\"has-text-align-center\"><strong>Partnerzy: Ochotnicza Stra\u017c Po\u017carna w Karwodrzy, Gmina Komisja Rozwi\u0105zywania Problem\u00f3w Alkoholowych w Tuchowie, Dom Kultury w Tuchowie.<\/strong><\/p>\n\n\n\n<p class=\"has-text-align-center\"><strong>Pozdrawiamy!<\/strong><\/p>\n\n\n\n<p class=\"has-text-align-center\"><strong>Zesp\u00f3\u0142 SMK<\/strong><\/p>\n\n\n<div class=\"wp-block-image\">\n<figure class=\"aligncenter size-large\"><img loading=\"lazy\" decoding=\"async\" width=\"1024\" height=\"724\" src=\"https:\/\/karwodrza.pl\/wp-content\/uploads\/2024\/03\/Plakat-IVChRRPR-2024-1024x724.jpg\" alt=\"\" class=\"wp-image-2650\" srcset=\"https:\/\/karwodrza.pl\/wp-content\/uploads\/2024\/03\/Plakat-IVChRRPR-2024-1024x724.jpg 1024w, https:\/\/karwodrza.pl\/wp-content\/uploads\/2024\/03\/Plakat-IVChRRPR-2024-300x212.jpg 300w, https:\/\/karwodrza.pl\/wp-content\/uploads\/2024\/03\/Plakat-IVChRRPR-2024-768x543.jpg 768w, https:\/\/karwodrza.pl\/wp-content\/uploads\/2024\/03\/Plakat-IVChRRPR-2024-1536x1086.jpg 1536w, https:\/\/karwodrza.pl\/wp-content\/uploads\/2024\/03\/Plakat-IVChRRPR-2024-2048x1448.jpg 2048w, https:\/\/karwodrza.pl\/wp-content\/uploads\/2024\/03\/Plakat-IVChRRPR-2024-382x270.jpg 382w\" sizes=\"auto, (max-width: 1024px) 100vw, 1024px\" \/><\/figure>\n<\/div>\n\n<div class=\"wp-block-image\">\n<figure class=\"aligncenter size-large\"><img loading=\"lazy\" decoding=\"async\" width=\"1024\" height=\"922\" src=\"https:\/\/karwodrza.pl\/wp-content\/uploads\/2024\/03\/Rowerowa-1024x922.jpg\" alt=\"\" class=\"wp-image-2651\" srcset=\"https:\/\/karwodrza.pl\/wp-content\/uploads\/2024\/03\/Rowerowa-1024x922.jpg 1024w, https:\/\/karwodrza.pl\/wp-content\/uploads\/2024\/03\/Rowerowa-300x270.jpg 300w, https:\/\/karwodrza.pl\/wp-content\/uploads\/2024\/03\/Rowerowa-768x691.jpg 768w, https:\/\/karwodrza.pl\/wp-content\/uploads\/2024\/03\/Rowerowa.jpg 1060w\" sizes=\"auto, (max-width: 1024px) 100vw, 1024px\" \/><\/figure>\n<\/div>\n\n<div class=\"wp-block-image\">\n<figure class=\"aligncenter size-full\"><img loading=\"lazy\" decoding=\"async\" width=\"714\" height=\"801\" src=\"https:\/\/karwodrza.pl\/wp-content\/uploads\/2024\/03\/Piesza.jpg\" alt=\"\" class=\"wp-image-2652\" srcset=\"https:\/\/karwodrza.pl\/wp-content\/uploads\/2024\/03\/Piesza.jpg 714w, https:\/\/karwodrza.pl\/wp-content\/uploads\/2024\/03\/Piesza-267x300.jpg 267w, https:\/\/karwodrza.pl\/wp-content\/uploads\/2024\/03\/Piesza-241x270.jpg 241w\" sizes=\"auto, (max-width: 714px) 100vw, 714px\" \/><\/figure>\n<\/div>","protected":false},"excerpt":{"rendered":"<p>Stowarzyszenie Mi\u0142o\u015bnik\u00f3w Karwodrzy zaprasza WSZYSTKICH na IV Charytatywny Rodzinny Rajd Pieszo-Rowerowy przez Karwodrz\u0119. Impreza odb\u0119dzie si\u0119 w niedziel\u0119 28 kwietnia, a WSZYSTKIE zebrane \u015brodki zostan\u0105 przekazane na wyposa\u017cenie naszej pr\u0119\u017cnie dzia\u0142aj\u0105cej i wci\u0105\u017c rozwijaj\u0105cej si\u0119 M\u0142odzie\u017cowej Dru\u017cyny Po\u017carniczej istniej\u0105cej przy Ochotniczej Stra\u017cy Po\u017carnej w Karwodrzy. Impreza b\u0119dzie polega\u0107 na przeje\u017adzie rowerem lub przej\u015bciu pieszo wyznaczonej&hellip; <br \/> <a class=\"read-more\" href=\"https:\/\/karwodrza.pl\/index.php\/2024\/03\/07\/zaproszenie-na-iv-charytatywny-rodzinny-rajd-pieszo-rowerowy-przez-karwodrze-28-04-2024\/\">Dowiedz si\u0119 wi\u0119cej<\/a><\/p>\n","protected":false},"author":2,"featured_media":0,"comment_status":"open","ping_status":"open","sticky":false,"template":"","format":"standard","meta":{"footnotes":""},"categories":[1],"tags":[],"class_list":["post-2649","post","type-post","status-publish","format-standard","hentry","category-bez-kategorii"],"_links":{"self":[{"href":"https:\/\/karwodrza.pl\/index.php\/wp-json\/wp\/v2\/posts\/2649","targetHints":{"allow":["GET"]}}],"collection":[{"href":"https:\/\/karwodrza.pl\/index.php\/wp-json\/wp\/v2\/posts"}],"about":[{"href":"https:\/\/karwodrza.pl\/index.php\/wp-json\/wp\/v2\/types\/post"}],"author":[{"embeddable":true,"href":"https:\/\/karwodrza.pl\/index.php\/wp-json\/wp\/v2\/users\/2"}],"replies":[{"embeddable":true,"href":"https:\/\/karwodrza.pl\/index.php\/wp-json\/wp\/v2\/comments?post=2649"}],"version-history":[{"count":1,"href":"https:\/\/karwodrza.pl\/index.php\/wp-json\/wp\/v2\/posts\/2649\/revisions"}],"predecessor-version":[{"id":2653,"href":"https:\/\/karwodrza.pl\/index.php\/wp-json\/wp\/v2\/posts\/2649\/revisions\/2653"}],"wp:attachment":[{"href":"https:\/\/karwodrza.pl\/index.php\/wp-json\/wp\/v2\/media?parent=2649"}],"wp:term":[{"taxonomy":"category","embeddable":true,"href":"https:\/\/karwodrza.pl\/index.php\/wp-json\/wp\/v2\/categories?post=2649"},{"taxonomy":"post_tag","embeddable":true,"href":"https:\/\/karwodrza.pl\/index.php\/wp-json\/wp\/v2\/tags?post=2649"}],"curies":[{"name":"wp","href":"https:\/\/api.w.org\/{rel}","templated":true}]}}