{"id":2645,"date":"2024-03-04T17:56:13","date_gmt":"2024-03-04T16:56:13","guid":{"rendered":"https:\/\/karwodrza.pl\/?p=2645"},"modified":"2024-03-04T17:56:14","modified_gmt":"2024-03-04T16:56:14","slug":"spotkanie-mieszkancow-z-kandydatami-w-najblizszych-wyborach","status":"publish","type":"post","link":"https:\/\/karwodrza.pl\/index.php\/2024\/03\/04\/spotkanie-mieszkancow-z-kandydatami-w-najblizszych-wyborach\/","title":{"rendered":"Spotkanie mieszka\u0144c\u00f3w z kandydatami w najbli\u017cszych wyborach."},"content":{"rendered":"\n<p class=\"has-text-align-center\"><strong>Zgodnie z zapowiedzi\u0105, w niedziel\u0119 10.03 o godz. 16:00 w Domu Stra\u017caka w Karwodrzy odb\u0119dzie si\u0119 spotkanie mieszka\u0144c\u00f3w z kandydatami w wyborach na so\u0142tysa i do rady so\u0142eckiej (17.03) oraz z kandydatami w wyborach samorz\u0105dowych na radnych do rady miejskiej (7.04). Zapraszamy wszystkich mieszka\u0144c\u00f3w i kandydat\u00f3w na spotkanie i dyskusje.<\/strong><\/p>\n\n\n<div class=\"wp-block-image\">\n<figure class=\"aligncenter size-large\"><img loading=\"lazy\" decoding=\"async\" width=\"1024\" height=\"715\" src=\"https:\/\/karwodrza.pl\/wp-content\/uploads\/2024\/03\/431206447_719695030340733_7142546897097978998_n-1024x715.jpg\" alt=\"\" class=\"wp-image-2646\" srcset=\"https:\/\/karwodrza.pl\/wp-content\/uploads\/2024\/03\/431206447_719695030340733_7142546897097978998_n-1024x715.jpg 1024w, https:\/\/karwodrza.pl\/wp-content\/uploads\/2024\/03\/431206447_719695030340733_7142546897097978998_n-300x209.jpg 300w, https:\/\/karwodrza.pl\/wp-content\/uploads\/2024\/03\/431206447_719695030340733_7142546897097978998_n-768x536.jpg 768w, https:\/\/karwodrza.pl\/wp-content\/uploads\/2024\/03\/431206447_719695030340733_7142546897097978998_n-1536x1073.jpg 1536w, https:\/\/karwodrza.pl\/wp-content\/uploads\/2024\/03\/431206447_719695030340733_7142546897097978998_n-387x270.jpg 387w, https:\/\/karwodrza.pl\/wp-content\/uploads\/2024\/03\/431206447_719695030340733_7142546897097978998_n.jpg 1979w\" sizes=\"auto, (max-width: 1024px) 100vw, 1024px\" \/><\/figure>\n<\/div>","protected":false},"excerpt":{"rendered":"<p>Zgodnie z zapowiedzi\u0105, w niedziel\u0119 10.03 o godz. 16:00 w Domu Stra\u017caka w Karwodrzy odb\u0119dzie si\u0119 spotkanie mieszka\u0144c\u00f3w z kandydatami w wyborach na so\u0142tysa i do rady so\u0142eckiej (17.03) oraz z kandydatami w wyborach samorz\u0105dowych na radnych do rady miejskiej (7.04). Zapraszamy wszystkich mieszka\u0144c\u00f3w i kandydat\u00f3w na spotkanie i dyskusje.<\/p>\n","protected":false},"author":2,"featured_media":0,"comment_status":"open","ping_status":"open","sticky":false,"template":"","format":"standard","meta":{"footnotes":""},"categories":[1],"tags":[],"class_list":["post-2645","post","type-post","status-publish","format-standard","hentry","category-bez-kategorii"],"_links":{"self":[{"href":"https:\/\/karwodrza.pl\/index.php\/wp-json\/wp\/v2\/posts\/2645","targetHints":{"allow":["GET"]}}],"collection":[{"href":"https:\/\/karwodrza.pl\/index.php\/wp-json\/wp\/v2\/posts"}],"about":[{"href":"https:\/\/karwodrza.pl\/index.php\/wp-json\/wp\/v2\/types\/post"}],"author":[{"embeddable":true,"href":"https:\/\/karwodrza.pl\/index.php\/wp-json\/wp\/v2\/users\/2"}],"replies":[{"embeddable":true,"href":"https:\/\/karwodrza.pl\/index.php\/wp-json\/wp\/v2\/comments?post=2645"}],"version-history":[{"count":1,"href":"https:\/\/karwodrza.pl\/index.php\/wp-json\/wp\/v2\/posts\/2645\/revisions"}],"predecessor-version":[{"id":2647,"href":"https:\/\/karwodrza.pl\/index.php\/wp-json\/wp\/v2\/posts\/2645\/revisions\/2647"}],"wp:attachment":[{"href":"https:\/\/karwodrza.pl\/index.php\/wp-json\/wp\/v2\/media?parent=2645"}],"wp:term":[{"taxonomy":"category","embeddable":true,"href":"https:\/\/karwodrza.pl\/index.php\/wp-json\/wp\/v2\/categories?post=2645"},{"taxonomy":"post_tag","embeddable":true,"href":"https:\/\/karwodrza.pl\/index.php\/wp-json\/wp\/v2\/tags?post=2645"}],"curies":[{"name":"wp","href":"https:\/\/api.w.org\/{rel}","templated":true}]}}