{"id":238,"date":"2017-11-02T17:32:07","date_gmt":"2017-11-02T16:32:07","guid":{"rendered":"http:\/\/karwodrza.pl\/?p=238"},"modified":"2017-11-02T17:32:07","modified_gmt":"2017-11-02T16:32:07","slug":"o-zebraniu-karwodrzy-kurierze-tuchowskim","status":"publish","type":"post","link":"https:\/\/karwodrza.pl\/index.php\/2017\/11\/02\/o-zebraniu-karwodrzy-kurierze-tuchowskim\/","title":{"rendered":"O zebraniu w Karwodrzy w Kurierze Tuchowskim."},"content":{"rendered":"<p style=\"text-align: center;\"><strong>W wersji cyfrowej ju\u017c dzi\u015b, a w papierowej ju\u017c jutro dost\u0119pny jest nowy, pa\u017adziernikowy Kurier Tuchowski.<\/strong><br \/>\n<strong>Na 2 stronie relacja z naszego zebrania z zesz\u0142ego tygodnia.<\/strong><br \/>\n<strong>Polecam \u00a0\ud83d\ude42<\/strong><br \/>\n<strong><a href=\"https:\/\/l.facebook.com\/l.php?u=http%3A%2F%2Fwww.tuchow.pl%2Fjuz-jest-kurier-tuchowski%2F&amp;h=ATNMiM3hc88woEGrL-419_ouEOTFGokMMXgX0U_u3DOAPSy0l-pi0r8vVE46iGWMbH5xY26XJwohmL1xucE5PIlpswtjRTfOS0TYajiB3gu3-eyDn4p-QKgRnP-fX7BsYHcwNYBsKDiwDvJktpmWUiTMP9iC0ifEUAiK_b8e-B4-1_HTilx65r89gWySD4HLQdrrA_zyD2mH_g71xtyYnNMYEcyDV4lQqJUAQkXe0mAwkcW-xSAx9nVft0Mijk_U7tM4s8hRm9AvjSvmHubsWARgwsO_E4h4MZrdB-2E6w\" target=\"_blank\" rel=\"noopener nofollow\" data-ft=\"{&quot;tn&quot;:&quot;-U&quot;}\" data-lynx-mode=\"async\">http:\/\/www.tuchow.pl\/juz-jest-kurier-tuchowski\/<\/a><\/strong><\/p>\n","protected":false},"excerpt":{"rendered":"<p>W wersji cyfrowej ju\u017c dzi\u015b, a w papierowej ju\u017c jutro dost\u0119pny jest nowy, pa\u017adziernikowy Kurier Tuchowski. Na 2 stronie relacja z naszego zebrania z zesz\u0142ego tygodnia. Polecam \u00a0\ud83d\ude42 http:\/\/www.tuchow.pl\/juz-jest-kurier-tuchowski\/<\/p>\n","protected":false},"author":2,"featured_media":0,"comment_status":"open","ping_status":"open","sticky":false,"template":"","format":"standard","meta":{"footnotes":""},"categories":[1],"tags":[],"class_list":["post-238","post","type-post","status-publish","format-standard","hentry","category-bez-kategorii"],"_links":{"self":[{"href":"https:\/\/karwodrza.pl\/index.php\/wp-json\/wp\/v2\/posts\/238","targetHints":{"allow":["GET"]}}],"collection":[{"href":"https:\/\/karwodrza.pl\/index.php\/wp-json\/wp\/v2\/posts"}],"about":[{"href":"https:\/\/karwodrza.pl\/index.php\/wp-json\/wp\/v2\/types\/post"}],"author":[{"embeddable":true,"href":"https:\/\/karwodrza.pl\/index.php\/wp-json\/wp\/v2\/users\/2"}],"replies":[{"embeddable":true,"href":"https:\/\/karwodrza.pl\/index.php\/wp-json\/wp\/v2\/comments?post=238"}],"version-history":[{"count":1,"href":"https:\/\/karwodrza.pl\/index.php\/wp-json\/wp\/v2\/posts\/238\/revisions"}],"predecessor-version":[{"id":239,"href":"https:\/\/karwodrza.pl\/index.php\/wp-json\/wp\/v2\/posts\/238\/revisions\/239"}],"wp:attachment":[{"href":"https:\/\/karwodrza.pl\/index.php\/wp-json\/wp\/v2\/media?parent=238"}],"wp:term":[{"taxonomy":"category","embeddable":true,"href":"https:\/\/karwodrza.pl\/index.php\/wp-json\/wp\/v2\/categories?post=238"},{"taxonomy":"post_tag","embeddable":true,"href":"https:\/\/karwodrza.pl\/index.php\/wp-json\/wp\/v2\/tags?post=238"}],"curies":[{"name":"wp","href":"https:\/\/api.w.org\/{rel}","templated":true}]}}