{"id":2200,"date":"2022-03-28T10:11:53","date_gmt":"2022-03-28T08:11:53","guid":{"rendered":"https:\/\/karwodrza.pl\/?p=2200"},"modified":"2022-03-28T10:11:55","modified_gmt":"2022-03-28T08:11:55","slug":"zebranie-soleckie-2022","status":"publish","type":"post","link":"https:\/\/karwodrza.pl\/index.php\/2022\/03\/28\/zebranie-soleckie-2022\/","title":{"rendered":"Zebranie so\u0142eckie 2022."},"content":{"rendered":"\n<p class=\"has-text-align-center\"><strong>W czwartek 31 marca o godzinie 18:00 w Domu Stra\u017caka w Karwodrzy odb\u0119dzie si\u0119 coroczne zebranie so\u0142eckie z mieszka\u0144cami. Jak zawsze b\u0119d\u0105 omawiane istotne sprawy dotycz\u0105ce naszej miejscowo\u015bci, dlatego warto by\u0107 \ud83d\ude42<\/strong><\/p>\n\n\n\n<figure class=\"wp-block-embed aligncenter is-type-wp-embed is-provider-tuchow-prawa-miejskie-od-1340-roku wp-block-embed-tuchow-prawa-miejskie-od-1340-roku\"><div class=\"wp-block-embed__wrapper\">\n<div class='embed-container'><blockquote class=\"wp-embedded-content\" data-secret=\"JGEKeoDldH\"><a href=\"https:\/\/www.tuchow.pl\/wydarzenia\/spotkanie-z-mieszkancami-karwodrzy\/\">Spotkanie z mieszka\u0144cami Karwodrzy<\/a><\/blockquote><iframe loading=\"lazy\" class=\"wp-embedded-content\" sandbox=\"allow-scripts\" security=\"restricted\" style=\"position: absolute; clip: rect(1px, 1px, 1px, 1px);\" title=\"&#8222;Spotkanie z mieszka\u0144cami Karwodrzy&#8221; &#8212; Tuch\u00f3w - prawa miejskie od 1340 roku\" src=\"https:\/\/www.tuchow.pl\/wydarzenia\/spotkanie-z-mieszkancami-karwodrzy\/embed\/#?secret=pbqx8iPT6e#?secret=JGEKeoDldH\" data-secret=\"JGEKeoDldH\" width=\"600\" height=\"338\" frameborder=\"0\" marginwidth=\"0\" marginheight=\"0\" scrolling=\"no\"><\/iframe><\/div>\n<\/div><\/figure>\n","protected":false},"excerpt":{"rendered":"<p>W czwartek 31 marca o godzinie 18:00 w Domu Stra\u017caka w Karwodrzy odb\u0119dzie si\u0119 coroczne zebranie so\u0142eckie z mieszka\u0144cami. Jak zawsze b\u0119d\u0105 omawiane istotne sprawy dotycz\u0105ce naszej miejscowo\u015bci, dlatego warto by\u0107 \ud83d\ude42<\/p>\n","protected":false},"author":2,"featured_media":0,"comment_status":"open","ping_status":"open","sticky":false,"template":"","format":"standard","meta":{"footnotes":""},"categories":[1],"tags":[],"class_list":["post-2200","post","type-post","status-publish","format-standard","hentry","category-bez-kategorii"],"_links":{"self":[{"href":"https:\/\/karwodrza.pl\/index.php\/wp-json\/wp\/v2\/posts\/2200","targetHints":{"allow":["GET"]}}],"collection":[{"href":"https:\/\/karwodrza.pl\/index.php\/wp-json\/wp\/v2\/posts"}],"about":[{"href":"https:\/\/karwodrza.pl\/index.php\/wp-json\/wp\/v2\/types\/post"}],"author":[{"embeddable":true,"href":"https:\/\/karwodrza.pl\/index.php\/wp-json\/wp\/v2\/users\/2"}],"replies":[{"embeddable":true,"href":"https:\/\/karwodrza.pl\/index.php\/wp-json\/wp\/v2\/comments?post=2200"}],"version-history":[{"count":1,"href":"https:\/\/karwodrza.pl\/index.php\/wp-json\/wp\/v2\/posts\/2200\/revisions"}],"predecessor-version":[{"id":2201,"href":"https:\/\/karwodrza.pl\/index.php\/wp-json\/wp\/v2\/posts\/2200\/revisions\/2201"}],"wp:attachment":[{"href":"https:\/\/karwodrza.pl\/index.php\/wp-json\/wp\/v2\/media?parent=2200"}],"wp:term":[{"taxonomy":"category","embeddable":true,"href":"https:\/\/karwodrza.pl\/index.php\/wp-json\/wp\/v2\/categories?post=2200"},{"taxonomy":"post_tag","embeddable":true,"href":"https:\/\/karwodrza.pl\/index.php\/wp-json\/wp\/v2\/tags?post=2200"}],"curies":[{"name":"wp","href":"https:\/\/api.w.org\/{rel}","templated":true}]}}