{"id":2162,"date":"2021-10-26T16:23:56","date_gmt":"2021-10-26T14:23:56","guid":{"rendered":"https:\/\/karwodrza.pl\/?p=2162"},"modified":"2021-10-26T16:23:57","modified_gmt":"2021-10-26T14:23:57","slug":"27-i-28-pazdziernika-zamknieta-droga-w-karwodrzy","status":"publish","type":"post","link":"https:\/\/karwodrza.pl\/index.php\/2021\/10\/26\/27-i-28-pazdziernika-zamknieta-droga-w-karwodrzy\/","title":{"rendered":"27 i 28 pa\u017adziernika zamkni\u0119ta droga w Karwodrzy!"},"content":{"rendered":"\n<p class=\"has-text-align-center\"><strong>UWAGA!!!<\/strong> <\/p>\n\n\n\n<p class=\"has-text-align-center\"><strong>Przez dwa dni nie przejedziemy przez Karwodrz\u0119 od skrzy\u017cowania w Zab\u0142\u0119dzy do remizy OSP. Szczeg\u00f3\u0142y w poni\u017cszym og\u0142oszeniu.<\/strong><\/p>\n\n\n\n<p class=\"has-text-align-center\"><a href=\"https:\/\/www.tuchow.pl\/ogloszenia\/droga-powiatowa-karwodrza-ladna-zamknieta\/?fbclid=IwAR1bP3QHIF7ZW9atyK2A992HZNMeJz-bX6E0zTy4vhrJgLF52BUwEWk-PzQ\" rel=\"noreferrer noopener\" target=\"_blank\"><strong>https:\/\/www.tuchow.pl\/&#8230;\/droga-powiatowa-karwodrza&#8230;\/<\/strong><\/a><\/p>\n\n\n\n<figure class=\"wp-block-image size-large\"><img loading=\"lazy\" decoding=\"async\" width=\"752\" height=\"1024\" src=\"https:\/\/karwodrza.pl\/wp-content\/uploads\/2021\/10\/20211026_155004-752x1024.jpg\" alt=\"\" class=\"wp-image-2163\" srcset=\"https:\/\/karwodrza.pl\/wp-content\/uploads\/2021\/10\/20211026_155004-752x1024.jpg 752w, https:\/\/karwodrza.pl\/wp-content\/uploads\/2021\/10\/20211026_155004-220x300.jpg 220w, https:\/\/karwodrza.pl\/wp-content\/uploads\/2021\/10\/20211026_155004-768x1046.jpg 768w, https:\/\/karwodrza.pl\/wp-content\/uploads\/2021\/10\/20211026_155004-1128x1536.jpg 1128w, https:\/\/karwodrza.pl\/wp-content\/uploads\/2021\/10\/20211026_155004-1504x2048.jpg 1504w, https:\/\/karwodrza.pl\/wp-content\/uploads\/2021\/10\/20211026_155004-198x270.jpg 198w, https:\/\/karwodrza.pl\/wp-content\/uploads\/2021\/10\/20211026_155004.jpg 1860w\" sizes=\"auto, (max-width: 752px) 100vw, 752px\" \/><\/figure>\n","protected":false},"excerpt":{"rendered":"<p>UWAGA!!! Przez dwa dni nie przejedziemy przez Karwodrz\u0119 od skrzy\u017cowania w Zab\u0142\u0119dzy do remizy OSP. Szczeg\u00f3\u0142y w poni\u017cszym og\u0142oszeniu. https:\/\/www.tuchow.pl\/&#8230;\/droga-powiatowa-karwodrza&#8230;\/<\/p>\n","protected":false},"author":2,"featured_media":0,"comment_status":"open","ping_status":"open","sticky":false,"template":"","format":"standard","meta":{"footnotes":""},"categories":[1],"tags":[],"class_list":["post-2162","post","type-post","status-publish","format-standard","hentry","category-bez-kategorii"],"_links":{"self":[{"href":"https:\/\/karwodrza.pl\/index.php\/wp-json\/wp\/v2\/posts\/2162","targetHints":{"allow":["GET"]}}],"collection":[{"href":"https:\/\/karwodrza.pl\/index.php\/wp-json\/wp\/v2\/posts"}],"about":[{"href":"https:\/\/karwodrza.pl\/index.php\/wp-json\/wp\/v2\/types\/post"}],"author":[{"embeddable":true,"href":"https:\/\/karwodrza.pl\/index.php\/wp-json\/wp\/v2\/users\/2"}],"replies":[{"embeddable":true,"href":"https:\/\/karwodrza.pl\/index.php\/wp-json\/wp\/v2\/comments?post=2162"}],"version-history":[{"count":2,"href":"https:\/\/karwodrza.pl\/index.php\/wp-json\/wp\/v2\/posts\/2162\/revisions"}],"predecessor-version":[{"id":2165,"href":"https:\/\/karwodrza.pl\/index.php\/wp-json\/wp\/v2\/posts\/2162\/revisions\/2165"}],"wp:attachment":[{"href":"https:\/\/karwodrza.pl\/index.php\/wp-json\/wp\/v2\/media?parent=2162"}],"wp:term":[{"taxonomy":"category","embeddable":true,"href":"https:\/\/karwodrza.pl\/index.php\/wp-json\/wp\/v2\/categories?post=2162"},{"taxonomy":"post_tag","embeddable":true,"href":"https:\/\/karwodrza.pl\/index.php\/wp-json\/wp\/v2\/tags?post=2162"}],"curies":[{"name":"wp","href":"https:\/\/api.w.org\/{rel}","templated":true}]}}