{"id":2158,"date":"2021-10-11T09:25:00","date_gmt":"2021-10-11T07:25:00","guid":{"rendered":"https:\/\/karwodrza.pl\/?p=2158"},"modified":"2021-10-11T09:25:01","modified_gmt":"2021-10-11T07:25:01","slug":"zebranie-mieszkancow-karwodrzy-14-x-2021","status":"publish","type":"post","link":"https:\/\/karwodrza.pl\/index.php\/2021\/10\/11\/zebranie-mieszkancow-karwodrzy-14-x-2021\/","title":{"rendered":"Zebranie mieszka\u0144c\u00f3w Karwodrzy &#8211; 14.X.2021"},"content":{"rendered":"\n<p class=\"has-text-align-center\"><strong>W najbli\u017cszy czwartek 14 pa\u017adziernika o godz. 18:00 w Domu Stra\u017caka odb\u0119dzie si\u0119 zebranie mieszka\u0144c\u00f3w Karwodrzy. Wa\u017cne tematy, w tym przede wszystkim informacje o planowanej budowie kanalizacji<\/strong> <strong>przez nasz\u0105 miejscowo\u015b\u0107.<\/strong><\/p>\n\n\n\n<figure class=\"wp-block-image size-large\"><img loading=\"lazy\" decoding=\"async\" width=\"1024\" height=\"701\" src=\"https:\/\/karwodrza.pl\/wp-content\/uploads\/2021\/10\/244428070_1046715979200891_2853290585551403209_n-1024x701.jpg\" alt=\"\" class=\"wp-image-2159\" srcset=\"https:\/\/karwodrza.pl\/wp-content\/uploads\/2021\/10\/244428070_1046715979200891_2853290585551403209_n-1024x701.jpg 1024w, https:\/\/karwodrza.pl\/wp-content\/uploads\/2021\/10\/244428070_1046715979200891_2853290585551403209_n-300x205.jpg 300w, https:\/\/karwodrza.pl\/wp-content\/uploads\/2021\/10\/244428070_1046715979200891_2853290585551403209_n-768x526.jpg 768w, https:\/\/karwodrza.pl\/wp-content\/uploads\/2021\/10\/244428070_1046715979200891_2853290585551403209_n-394x270.jpg 394w, https:\/\/karwodrza.pl\/wp-content\/uploads\/2021\/10\/244428070_1046715979200891_2853290585551403209_n.jpg 1440w\" sizes=\"auto, (max-width: 1024px) 100vw, 1024px\" \/><\/figure>\n","protected":false},"excerpt":{"rendered":"<p>W najbli\u017cszy czwartek 14 pa\u017adziernika o godz. 18:00 w Domu Stra\u017caka odb\u0119dzie si\u0119 zebranie mieszka\u0144c\u00f3w Karwodrzy. Wa\u017cne tematy, w tym przede wszystkim informacje o planowanej budowie kanalizacji przez nasz\u0105 miejscowo\u015b\u0107.<\/p>\n","protected":false},"author":2,"featured_media":0,"comment_status":"open","ping_status":"open","sticky":false,"template":"","format":"standard","meta":{"footnotes":""},"categories":[1],"tags":[],"class_list":["post-2158","post","type-post","status-publish","format-standard","hentry","category-bez-kategorii"],"_links":{"self":[{"href":"https:\/\/karwodrza.pl\/index.php\/wp-json\/wp\/v2\/posts\/2158","targetHints":{"allow":["GET"]}}],"collection":[{"href":"https:\/\/karwodrza.pl\/index.php\/wp-json\/wp\/v2\/posts"}],"about":[{"href":"https:\/\/karwodrza.pl\/index.php\/wp-json\/wp\/v2\/types\/post"}],"author":[{"embeddable":true,"href":"https:\/\/karwodrza.pl\/index.php\/wp-json\/wp\/v2\/users\/2"}],"replies":[{"embeddable":true,"href":"https:\/\/karwodrza.pl\/index.php\/wp-json\/wp\/v2\/comments?post=2158"}],"version-history":[{"count":1,"href":"https:\/\/karwodrza.pl\/index.php\/wp-json\/wp\/v2\/posts\/2158\/revisions"}],"predecessor-version":[{"id":2160,"href":"https:\/\/karwodrza.pl\/index.php\/wp-json\/wp\/v2\/posts\/2158\/revisions\/2160"}],"wp:attachment":[{"href":"https:\/\/karwodrza.pl\/index.php\/wp-json\/wp\/v2\/media?parent=2158"}],"wp:term":[{"taxonomy":"category","embeddable":true,"href":"https:\/\/karwodrza.pl\/index.php\/wp-json\/wp\/v2\/categories?post=2158"},{"taxonomy":"post_tag","embeddable":true,"href":"https:\/\/karwodrza.pl\/index.php\/wp-json\/wp\/v2\/tags?post=2158"}],"curies":[{"name":"wp","href":"https:\/\/api.w.org\/{rel}","templated":true}]}}