{"id":205,"date":"2017-10-23T22:04:41","date_gmt":"2017-10-23T20:04:41","guid":{"rendered":"http:\/\/karwodrza.pl\/?p=205"},"modified":"2017-10-23T22:04:41","modified_gmt":"2017-10-23T20:04:41","slug":"pomoc-pogorzelcom","status":"publish","type":"post","link":"https:\/\/karwodrza.pl\/index.php\/2017\/10\/23\/pomoc-pogorzelcom\/","title":{"rendered":"Pomoc pogorzelcom."},"content":{"rendered":"<p style=\"text-align: center;\">Szanowni Pa\u0144stwo.<br \/>\nW ostatni\u0105 sobot\u0119 jedn\u0105 z rodzin w Karwodrzy spotka\u0142o wielkie nieszcz\u0119\u015bcie jakim jest po\u017car domu.<br \/>\nRada So\u0142ecka wraz z So\u0142tysem podj\u0119li decyzj\u0119 o zbi\u00f3rce pieni\u0119\u017cnej, kt\u00f3ra w najbli\u017cszych dniach b\u0119dzie przeprowadzona w\u015br\u00f3d mieszka\u0144c\u00f3w przez naszych radnych.<span class=\"text_exposed_show\"><br \/>\nJe\u015bli mo\u017cesz, to pom\u00f3\u017c poszkodowanym w przywr\u00f3ceniu ich domu do stanu sprzed po\u017caru. Pami\u0119taj &#8211; dobro wraca \u00a0\ud83d\ude42<\/span><\/p>\n","protected":false},"excerpt":{"rendered":"<p>Szanowni Pa\u0144stwo. W ostatni\u0105 sobot\u0119 jedn\u0105 z rodzin w Karwodrzy spotka\u0142o wielkie nieszcz\u0119\u015bcie jakim jest po\u017car domu. Rada So\u0142ecka wraz z So\u0142tysem podj\u0119li decyzj\u0119 o zbi\u00f3rce pieni\u0119\u017cnej, kt\u00f3ra w najbli\u017cszych dniach b\u0119dzie przeprowadzona w\u015br\u00f3d mieszka\u0144c\u00f3w przez naszych radnych. Je\u015bli mo\u017cesz, to pom\u00f3\u017c poszkodowanym w przywr\u00f3ceniu ich domu do stanu sprzed po\u017caru. Pami\u0119taj &#8211; dobro wraca&hellip; <br \/> <a class=\"read-more\" href=\"https:\/\/karwodrza.pl\/index.php\/2017\/10\/23\/pomoc-pogorzelcom\/\">Dowiedz si\u0119 wi\u0119cej<\/a><\/p>\n","protected":false},"author":2,"featured_media":0,"comment_status":"open","ping_status":"open","sticky":false,"template":"","format":"standard","meta":{"footnotes":""},"categories":[1],"tags":[],"class_list":["post-205","post","type-post","status-publish","format-standard","hentry","category-bez-kategorii"],"_links":{"self":[{"href":"https:\/\/karwodrza.pl\/index.php\/wp-json\/wp\/v2\/posts\/205","targetHints":{"allow":["GET"]}}],"collection":[{"href":"https:\/\/karwodrza.pl\/index.php\/wp-json\/wp\/v2\/posts"}],"about":[{"href":"https:\/\/karwodrza.pl\/index.php\/wp-json\/wp\/v2\/types\/post"}],"author":[{"embeddable":true,"href":"https:\/\/karwodrza.pl\/index.php\/wp-json\/wp\/v2\/users\/2"}],"replies":[{"embeddable":true,"href":"https:\/\/karwodrza.pl\/index.php\/wp-json\/wp\/v2\/comments?post=205"}],"version-history":[{"count":1,"href":"https:\/\/karwodrza.pl\/index.php\/wp-json\/wp\/v2\/posts\/205\/revisions"}],"predecessor-version":[{"id":206,"href":"https:\/\/karwodrza.pl\/index.php\/wp-json\/wp\/v2\/posts\/205\/revisions\/206"}],"wp:attachment":[{"href":"https:\/\/karwodrza.pl\/index.php\/wp-json\/wp\/v2\/media?parent=205"}],"wp:term":[{"taxonomy":"category","embeddable":true,"href":"https:\/\/karwodrza.pl\/index.php\/wp-json\/wp\/v2\/categories?post=205"},{"taxonomy":"post_tag","embeddable":true,"href":"https:\/\/karwodrza.pl\/index.php\/wp-json\/wp\/v2\/tags?post=205"}],"curies":[{"name":"wp","href":"https:\/\/api.w.org\/{rel}","templated":true}]}}