{"id":2016,"date":"2020-04-22T13:46:02","date_gmt":"2020-04-22T11:46:02","guid":{"rendered":"http:\/\/karwodrza.pl\/?p=2016"},"modified":"2020-04-22T13:46:06","modified_gmt":"2020-04-22T11:46:06","slug":"iii-charytatywny-rodzinny-rajd-rowerowy-przez-karwodrze-w-2020","status":"publish","type":"post","link":"https:\/\/karwodrza.pl\/index.php\/2020\/04\/22\/iii-charytatywny-rodzinny-rajd-rowerowy-przez-karwodrze-w-2020\/","title":{"rendered":"III Charytatywny Rodzinny Rajd Rowerowy przez Karwodrz\u0119 w 2020???"},"content":{"rendered":"\n<p class=\"has-text-align-center\"><strong>Dok\u0142adnie 2 lata temu, w niedziel\u0119 22 kwietnia 2018 roku odby\u0142 si\u0119 I Charytatywny Rodzinny Rajd Rowerowy przez Karwodrz\u0119. Przy pi\u0119knej pogodzie i z du\u017c\u0105 ilo\u015bci\u0105 uczestnik\u00f3w uda\u0142o si\u0119 zebra\u0107 dla Pana Krzysztofa Krzemienia ponad 12 tys. z\u0142!<\/strong><\/p>\n\n\n\n<p class=\"has-text-align-center\"><strong><a href=\"https:\/\/karwodrza.pl\/index.php\/rajd\/\">https:\/\/karwodrza.pl\/index.php\/rajd\/<\/a><\/strong><\/p>\n\n\n\n<p class=\"has-text-align-center\"><strong>Prawie rok temu, bo w niedziel\u0119 28 kwietnia 2019 roku odby\u0142 si\u0119 IIChRRR. Tym razem pogoda nas nie rozpieszcza\u0142a&#8230; Jednak mimo deszczu i zimna uda\u0142o nam si\u0119 zebra\u0107 ponad 13 tys. z\u0142. Tym razem na zakup samochodu dla OSP Karwodrza.<\/strong><\/p>\n\n\n\n<p class=\"has-text-align-center\"><strong><a href=\"https:\/\/karwodrza.pl\/index.php\/rajd-2019\/\">https:\/\/karwodrza.pl\/index.php\/rajd-2019\/<\/a><\/strong><\/p>\n\n\n\n<p class=\"has-text-align-center\"><strong>W tym roku mia\u0142a si\u0119 odby\u0107 ju\u017c trzecia edycja rajdu. Termin ustalony by\u0142 na 26 kwietnia b.r., a beneficjentem IIIChRRR mia\u0142o by\u0107 Stowarzyszenie NADZIEJA, a dok\u0142adnie pomoc w zbi\u00f3rce na budow\u0119 DOMU DLA NADZIEI.<\/strong><\/p>\n\n\n\n<p class=\"has-text-align-center\"><strong>Niestety sytuacja &#8222;jaka jest ka\u017cdy widzi&#8221;. Rajd i inne planowane na ten rok przez SMK imprezy musia\u0142y zosta\u0107 odwo\u0142ane lub prze\u0142o\u017cone. Liczymy na to, \u017ce jednak uda si\u0119 w tym roku zorganizowa\u0107 IIIChRRR. Mo\u017cliwe, \u017ce zobaczymy si\u0119 jesieni\u0105. Czy si\u0119 uda? Poka\u017ce czas, wirus i przepisy. \u015aled\u017acie nasz profil!<\/strong><\/p>\n\n\n\n<p class=\"has-text-align-center\"><strong>Pozdrawiamy i \u017cyczymy wszystkim zdrowia w tym trudnym czasie \ud83d\ude42<\/strong><\/p>\n\n\n\n<figure class=\"wp-block-gallery aligncenter columns-1 is-cropped wp-block-gallery-1 is-layout-flex wp-block-gallery-is-layout-flex\"><ul class=\"blocks-gallery-grid\"><li class=\"blocks-gallery-item\"><figure><img loading=\"lazy\" decoding=\"async\" width=\"1024\" height=\"700\" src=\"https:\/\/karwodrza.pl\/wp-content\/uploads\/2020\/04\/31189654_267993590406471_6395686957829062656_o-1024x700.jpg\" alt=\"\" data-id=\"2017\" data-full-url=\"https:\/\/karwodrza.pl\/wp-content\/uploads\/2020\/04\/31189654_267993590406471_6395686957829062656_o.jpg\" data-link=\"https:\/\/karwodrza.pl\/?attachment_id=2017\" class=\"wp-image-2017\" srcset=\"https:\/\/karwodrza.pl\/wp-content\/uploads\/2020\/04\/31189654_267993590406471_6395686957829062656_o-1024x700.jpg 1024w, https:\/\/karwodrza.pl\/wp-content\/uploads\/2020\/04\/31189654_267993590406471_6395686957829062656_o-300x205.jpg 300w, https:\/\/karwodrza.pl\/wp-content\/uploads\/2020\/04\/31189654_267993590406471_6395686957829062656_o-768x525.jpg 768w, https:\/\/karwodrza.pl\/wp-content\/uploads\/2020\/04\/31189654_267993590406471_6395686957829062656_o-1536x1050.jpg 1536w, https:\/\/karwodrza.pl\/wp-content\/uploads\/2020\/04\/31189654_267993590406471_6395686957829062656_o-395x270.jpg 395w, https:\/\/karwodrza.pl\/wp-content\/uploads\/2020\/04\/31189654_267993590406471_6395686957829062656_o.jpg 1895w\" sizes=\"auto, (max-width: 1024px) 100vw, 1024px\" \/><\/figure><\/li><li class=\"blocks-gallery-item\"><figure><img loading=\"lazy\" decoding=\"async\" width=\"1024\" height=\"578\" src=\"https:\/\/karwodrza.pl\/wp-content\/uploads\/2020\/04\/59192850_465702503968911_794504357746835456_o-1024x578.jpg\" alt=\"\" data-id=\"2018\" data-full-url=\"https:\/\/karwodrza.pl\/wp-content\/uploads\/2020\/04\/59192850_465702503968911_794504357746835456_o.jpg\" data-link=\"https:\/\/karwodrza.pl\/?attachment_id=2018\" class=\"wp-image-2018\" srcset=\"https:\/\/karwodrza.pl\/wp-content\/uploads\/2020\/04\/59192850_465702503968911_794504357746835456_o-1024x578.jpg 1024w, https:\/\/karwodrza.pl\/wp-content\/uploads\/2020\/04\/59192850_465702503968911_794504357746835456_o-300x169.jpg 300w, https:\/\/karwodrza.pl\/wp-content\/uploads\/2020\/04\/59192850_465702503968911_794504357746835456_o-768x434.jpg 768w, https:\/\/karwodrza.pl\/wp-content\/uploads\/2020\/04\/59192850_465702503968911_794504357746835456_o-1536x867.jpg 1536w, https:\/\/karwodrza.pl\/wp-content\/uploads\/2020\/04\/59192850_465702503968911_794504357746835456_o-478x270.jpg 478w, https:\/\/karwodrza.pl\/wp-content\/uploads\/2020\/04\/59192850_465702503968911_794504357746835456_o.jpg 2048w\" sizes=\"auto, (max-width: 1024px) 100vw, 1024px\" \/><\/figure><\/li><\/ul><\/figure>\n","protected":false},"excerpt":{"rendered":"<p>Dok\u0142adnie 2 lata temu, w niedziel\u0119 22 kwietnia 2018 roku odby\u0142 si\u0119 I Charytatywny Rodzinny Rajd Rowerowy przez Karwodrz\u0119. Przy pi\u0119knej pogodzie i z du\u017c\u0105 ilo\u015bci\u0105 uczestnik\u00f3w uda\u0142o si\u0119 zebra\u0107 dla Pana Krzysztofa Krzemienia ponad 12 tys. z\u0142! https:\/\/karwodrza.pl\/index.php\/rajd\/ Prawie rok temu, bo w niedziel\u0119 28 kwietnia 2019 roku odby\u0142 si\u0119 IIChRRR. Tym razem pogoda&hellip; <br \/> <a class=\"read-more\" href=\"https:\/\/karwodrza.pl\/index.php\/2020\/04\/22\/iii-charytatywny-rodzinny-rajd-rowerowy-przez-karwodrze-w-2020\/\">Dowiedz si\u0119 wi\u0119cej<\/a><\/p>\n","protected":false},"author":2,"featured_media":0,"comment_status":"open","ping_status":"open","sticky":false,"template":"","format":"standard","meta":{"footnotes":""},"categories":[1],"tags":[],"class_list":["post-2016","post","type-post","status-publish","format-standard","hentry","category-bez-kategorii"],"_links":{"self":[{"href":"https:\/\/karwodrza.pl\/index.php\/wp-json\/wp\/v2\/posts\/2016","targetHints":{"allow":["GET"]}}],"collection":[{"href":"https:\/\/karwodrza.pl\/index.php\/wp-json\/wp\/v2\/posts"}],"about":[{"href":"https:\/\/karwodrza.pl\/index.php\/wp-json\/wp\/v2\/types\/post"}],"author":[{"embeddable":true,"href":"https:\/\/karwodrza.pl\/index.php\/wp-json\/wp\/v2\/users\/2"}],"replies":[{"embeddable":true,"href":"https:\/\/karwodrza.pl\/index.php\/wp-json\/wp\/v2\/comments?post=2016"}],"version-history":[{"count":1,"href":"https:\/\/karwodrza.pl\/index.php\/wp-json\/wp\/v2\/posts\/2016\/revisions"}],"predecessor-version":[{"id":2019,"href":"https:\/\/karwodrza.pl\/index.php\/wp-json\/wp\/v2\/posts\/2016\/revisions\/2019"}],"wp:attachment":[{"href":"https:\/\/karwodrza.pl\/index.php\/wp-json\/wp\/v2\/media?parent=2016"}],"wp:term":[{"taxonomy":"category","embeddable":true,"href":"https:\/\/karwodrza.pl\/index.php\/wp-json\/wp\/v2\/categories?post=2016"},{"taxonomy":"post_tag","embeddable":true,"href":"https:\/\/karwodrza.pl\/index.php\/wp-json\/wp\/v2\/tags?post=2016"}],"curies":[{"name":"wp","href":"https:\/\/api.w.org\/{rel}","templated":true}]}}