{"id":1994,"date":"2020-03-14T17:35:08","date_gmt":"2020-03-14T16:35:08","guid":{"rendered":"http:\/\/karwodrza.pl\/?p=1994"},"modified":"2020-03-14T17:35:11","modified_gmt":"2020-03-14T16:35:11","slug":"iii-charytatywny-rodzinny-rajd-rowerowy-przez-karwodrze-przeniesiony","status":"publish","type":"post","link":"https:\/\/karwodrza.pl\/index.php\/2020\/03\/14\/iii-charytatywny-rodzinny-rajd-rowerowy-przez-karwodrze-przeniesiony\/","title":{"rendered":"III Charytatywny Rodzinny Rajd Rowerowy przez Karwodrz\u0119 PRZENIESIONY"},"content":{"rendered":"\n<p class=\"has-text-align-center\"><strong>UWAGA!!!<\/strong><\/p>\n\n\n\n<p class=\"has-text-align-center\"><strong>III Charytatywny Rodzinny Rajd Rowerowy przez\nKarwodrz\u0119<\/strong><\/p>\n\n\n\n<p class=\"has-text-align-center\"><strong>kt\u00f3ry by\u0142 planowany na 26 kwietnia b.r.<\/strong><\/p>\n\n\n\n<p class=\"has-text-align-center\"><strong>ze wzgl\u0119du na epidemi\u0119 koronawirusa<\/strong><\/p>\n\n\n\n<p class=\"has-text-align-center\"><strong>zostaje PRZENIESIONY o kilka miesi\u0119cy<\/strong><\/p>\n\n\n\n<p class=\"has-text-align-center\"><strong>najprawdopodobniej na prze\u0142om sierpnia i wrze\u015bnia<\/strong><\/p>\n\n\n\n<p class=\"has-text-align-center\"><strong>lecz wszystko zale\u017cy od rozwoju sytuacji.<\/strong><\/p>\n\n\n\n<p class=\"has-text-align-center\"><strong>O dacie III ChRRR b\u0119dziemy informowa\u0107 z wyprzedzeniem.<\/strong><\/p>\n\n\n\n<p class=\"has-text-align-center\"><strong>Pozdrawiamy &#8211; Zesp\u00f3\u0142 SMK<\/strong><\/p>\n\n\n\n<div class=\"wp-block-image\"><figure class=\"aligncenter size-full\"><img loading=\"lazy\" decoding=\"async\" width=\"1280\" height=\"640\" src=\"https:\/\/karwodrza.pl\/wp-content\/uploads\/2020\/03\/virus-1812092_1280.jpg\" alt=\"\" class=\"wp-image-1995\" srcset=\"https:\/\/karwodrza.pl\/wp-content\/uploads\/2020\/03\/virus-1812092_1280.jpg 1280w, https:\/\/karwodrza.pl\/wp-content\/uploads\/2020\/03\/virus-1812092_1280-300x150.jpg 300w, https:\/\/karwodrza.pl\/wp-content\/uploads\/2020\/03\/virus-1812092_1280-1024x512.jpg 1024w, https:\/\/karwodrza.pl\/wp-content\/uploads\/2020\/03\/virus-1812092_1280-768x384.jpg 768w, https:\/\/karwodrza.pl\/wp-content\/uploads\/2020\/03\/virus-1812092_1280-540x270.jpg 540w\" sizes=\"auto, (max-width: 1280px) 100vw, 1280px\" \/><\/figure><\/div>\n","protected":false},"excerpt":{"rendered":"<p>UWAGA!!! III Charytatywny Rodzinny Rajd Rowerowy przez Karwodrz\u0119 kt\u00f3ry by\u0142 planowany na 26 kwietnia b.r. ze wzgl\u0119du na epidemi\u0119 koronawirusa zostaje PRZENIESIONY o kilka miesi\u0119cy najprawdopodobniej na prze\u0142om sierpnia i wrze\u015bnia lecz wszystko zale\u017cy od rozwoju sytuacji. O dacie III ChRRR b\u0119dziemy informowa\u0107 z wyprzedzeniem. Pozdrawiamy &#8211; Zesp\u00f3\u0142 SMK<\/p>\n","protected":false},"author":2,"featured_media":0,"comment_status":"open","ping_status":"open","sticky":false,"template":"","format":"standard","meta":{"footnotes":""},"categories":[1],"tags":[],"class_list":["post-1994","post","type-post","status-publish","format-standard","hentry","category-bez-kategorii"],"_links":{"self":[{"href":"https:\/\/karwodrza.pl\/index.php\/wp-json\/wp\/v2\/posts\/1994","targetHints":{"allow":["GET"]}}],"collection":[{"href":"https:\/\/karwodrza.pl\/index.php\/wp-json\/wp\/v2\/posts"}],"about":[{"href":"https:\/\/karwodrza.pl\/index.php\/wp-json\/wp\/v2\/types\/post"}],"author":[{"embeddable":true,"href":"https:\/\/karwodrza.pl\/index.php\/wp-json\/wp\/v2\/users\/2"}],"replies":[{"embeddable":true,"href":"https:\/\/karwodrza.pl\/index.php\/wp-json\/wp\/v2\/comments?post=1994"}],"version-history":[{"count":1,"href":"https:\/\/karwodrza.pl\/index.php\/wp-json\/wp\/v2\/posts\/1994\/revisions"}],"predecessor-version":[{"id":1996,"href":"https:\/\/karwodrza.pl\/index.php\/wp-json\/wp\/v2\/posts\/1994\/revisions\/1996"}],"wp:attachment":[{"href":"https:\/\/karwodrza.pl\/index.php\/wp-json\/wp\/v2\/media?parent=1994"}],"wp:term":[{"taxonomy":"category","embeddable":true,"href":"https:\/\/karwodrza.pl\/index.php\/wp-json\/wp\/v2\/categories?post=1994"},{"taxonomy":"post_tag","embeddable":true,"href":"https:\/\/karwodrza.pl\/index.php\/wp-json\/wp\/v2\/tags?post=1994"}],"curies":[{"name":"wp","href":"https:\/\/api.w.org\/{rel}","templated":true}]}}