{"id":1894,"date":"2020-01-11T12:04:31","date_gmt":"2020-01-11T11:04:31","guid":{"rendered":"http:\/\/karwodrza.pl\/?p=1894"},"modified":"2020-01-26T11:02:29","modified_gmt":"2020-01-26T10:02:29","slug":"iii-bezpieczne-ferie-z-osp-karwodrza","status":"publish","type":"post","link":"https:\/\/karwodrza.pl\/index.php\/2020\/01\/11\/iii-bezpieczne-ferie-z-osp-karwodrza\/","title":{"rendered":"III Bezpieczne Ferie z OSP Karwodrza"},"content":{"rendered":"\n<p class=\"has-text-align-center\"><strong>Ju\u017c w pierwszym tygodniu zimowych ferii ruszaj\u0105 III Bezpieczne Ferie z OSP Karwodrza. Zapraszamy mi\u0119dzy 27 a 31 stycznia do Domu Stra\u017caka w Karwodrzy. Szczeg\u00f3\u0142y na poni\u017cszym plakacie i w regulaminie.<\/strong><\/p>\n\n\n\n<figure class=\"wp-block-gallery aligncenter columns-1 is-cropped wp-block-gallery-1 is-layout-flex wp-block-gallery-is-layout-flex\"><ul class=\"blocks-gallery-grid\"><li class=\"blocks-gallery-item\"><figure><img loading=\"lazy\" decoding=\"async\" width=\"1024\" height=\"724\" src=\"https:\/\/karwodrza.pl\/wp-content\/uploads\/2020\/01\/skanowanie0014-pdf.io-1-1024x724.jpg\" alt=\"\" data-id=\"1895\" data-full-url=\"https:\/\/karwodrza.pl\/wp-content\/uploads\/2020\/01\/skanowanie0014-pdf.io-1.jpg\" data-link=\"https:\/\/karwodrza.pl\/?attachment_id=1895\" class=\"wp-image-1895\" srcset=\"https:\/\/karwodrza.pl\/wp-content\/uploads\/2020\/01\/skanowanie0014-pdf.io-1-1024x724.jpg 1024w, https:\/\/karwodrza.pl\/wp-content\/uploads\/2020\/01\/skanowanie0014-pdf.io-1-300x212.jpg 300w, https:\/\/karwodrza.pl\/wp-content\/uploads\/2020\/01\/skanowanie0014-pdf.io-1-768x543.jpg 768w, https:\/\/karwodrza.pl\/wp-content\/uploads\/2020\/01\/skanowanie0014-pdf.io-1-1536x1086.jpg 1536w, https:\/\/karwodrza.pl\/wp-content\/uploads\/2020\/01\/skanowanie0014-pdf.io-1-2048x1448.jpg 2048w, https:\/\/karwodrza.pl\/wp-content\/uploads\/2020\/01\/skanowanie0014-pdf.io-1-382x270.jpg 382w\" sizes=\"auto, (max-width: 1024px) 100vw, 1024px\" \/><\/figure><\/li><li class=\"blocks-gallery-item\"><figure><img loading=\"lazy\" decoding=\"async\" width=\"723\" height=\"1024\" src=\"https:\/\/karwodrza.pl\/wp-content\/uploads\/2020\/01\/skanowanie0014-strony-1-1-723x1024.jpg\" alt=\"\" data-id=\"1896\" data-full-url=\"https:\/\/karwodrza.pl\/wp-content\/uploads\/2020\/01\/skanowanie0014-strony-1-1.jpg\" data-link=\"https:\/\/karwodrza.pl\/?attachment_id=1896\" class=\"wp-image-1896\" srcset=\"https:\/\/karwodrza.pl\/wp-content\/uploads\/2020\/01\/skanowanie0014-strony-1-1-723x1024.jpg 723w, https:\/\/karwodrza.pl\/wp-content\/uploads\/2020\/01\/skanowanie0014-strony-1-1-212x300.jpg 212w, https:\/\/karwodrza.pl\/wp-content\/uploads\/2020\/01\/skanowanie0014-strony-1-1-768x1087.jpg 768w, https:\/\/karwodrza.pl\/wp-content\/uploads\/2020\/01\/skanowanie0014-strony-1-1-1085x1536.jpg 1085w, https:\/\/karwodrza.pl\/wp-content\/uploads\/2020\/01\/skanowanie0014-strony-1-1-1447x2048.jpg 1447w, https:\/\/karwodrza.pl\/wp-content\/uploads\/2020\/01\/skanowanie0014-strony-1-1-191x270.jpg 191w, https:\/\/karwodrza.pl\/wp-content\/uploads\/2020\/01\/skanowanie0014-strony-1-1.jpg 1636w\" sizes=\"auto, (max-width: 723px) 100vw, 723px\" \/><\/figure><\/li><\/ul><\/figure>\n\n\n\n<div class=\"wp-block-image\"><figure class=\"aligncenter size-large\"><img loading=\"lazy\" decoding=\"async\" width=\"801\" height=\"1024\" src=\"https:\/\/karwodrza.pl\/wp-content\/uploads\/2020\/01\/Nowy-Dokument-programu-Microsoft-Word-1-801x1024.jpg\" alt=\"\" class=\"wp-image-1899\" srcset=\"https:\/\/karwodrza.pl\/wp-content\/uploads\/2020\/01\/Nowy-Dokument-programu-Microsoft-Word-1-801x1024.jpg 801w, https:\/\/karwodrza.pl\/wp-content\/uploads\/2020\/01\/Nowy-Dokument-programu-Microsoft-Word-1-235x300.jpg 235w, https:\/\/karwodrza.pl\/wp-content\/uploads\/2020\/01\/Nowy-Dokument-programu-Microsoft-Word-1-768x982.jpg 768w, https:\/\/karwodrza.pl\/wp-content\/uploads\/2020\/01\/Nowy-Dokument-programu-Microsoft-Word-1-1201x1536.jpg 1201w, https:\/\/karwodrza.pl\/wp-content\/uploads\/2020\/01\/Nowy-Dokument-programu-Microsoft-Word-1-211x270.jpg 211w, https:\/\/karwodrza.pl\/wp-content\/uploads\/2020\/01\/Nowy-Dokument-programu-Microsoft-Word-1.jpg 1465w\" sizes=\"auto, (max-width: 801px) 100vw, 801px\" \/><\/figure><\/div>\n","protected":false},"excerpt":{"rendered":"<p>Ju\u017c w pierwszym tygodniu zimowych ferii ruszaj\u0105 III Bezpieczne Ferie z OSP Karwodrza. Zapraszamy mi\u0119dzy 27 a 31 stycznia do Domu Stra\u017caka w Karwodrzy. Szczeg\u00f3\u0142y na poni\u017cszym plakacie i w regulaminie.<\/p>\n","protected":false},"author":2,"featured_media":0,"comment_status":"open","ping_status":"open","sticky":false,"template":"","format":"standard","meta":{"footnotes":""},"categories":[1],"tags":[],"class_list":["post-1894","post","type-post","status-publish","format-standard","hentry","category-bez-kategorii"],"_links":{"self":[{"href":"https:\/\/karwodrza.pl\/index.php\/wp-json\/wp\/v2\/posts\/1894","targetHints":{"allow":["GET"]}}],"collection":[{"href":"https:\/\/karwodrza.pl\/index.php\/wp-json\/wp\/v2\/posts"}],"about":[{"href":"https:\/\/karwodrza.pl\/index.php\/wp-json\/wp\/v2\/types\/post"}],"author":[{"embeddable":true,"href":"https:\/\/karwodrza.pl\/index.php\/wp-json\/wp\/v2\/users\/2"}],"replies":[{"embeddable":true,"href":"https:\/\/karwodrza.pl\/index.php\/wp-json\/wp\/v2\/comments?post=1894"}],"version-history":[{"count":2,"href":"https:\/\/karwodrza.pl\/index.php\/wp-json\/wp\/v2\/posts\/1894\/revisions"}],"predecessor-version":[{"id":1900,"href":"https:\/\/karwodrza.pl\/index.php\/wp-json\/wp\/v2\/posts\/1894\/revisions\/1900"}],"wp:attachment":[{"href":"https:\/\/karwodrza.pl\/index.php\/wp-json\/wp\/v2\/media?parent=1894"}],"wp:term":[{"taxonomy":"category","embeddable":true,"href":"https:\/\/karwodrza.pl\/index.php\/wp-json\/wp\/v2\/categories?post=1894"},{"taxonomy":"post_tag","embeddable":true,"href":"https:\/\/karwodrza.pl\/index.php\/wp-json\/wp\/v2\/tags?post=1894"}],"curies":[{"name":"wp","href":"https:\/\/api.w.org\/{rel}","templated":true}]}}