{"id":1883,"date":"2019-12-30T15:26:08","date_gmt":"2019-12-30T14:26:08","guid":{"rendered":"http:\/\/karwodrza.pl\/?p=1883"},"modified":"2019-12-30T15:26:11","modified_gmt":"2019-12-30T14:26:11","slug":"tradycyjne-koledowanie-w-swieto-trzech-kroli","status":"publish","type":"post","link":"https:\/\/karwodrza.pl\/index.php\/2019\/12\/30\/tradycyjne-koledowanie-w-swieto-trzech-kroli\/","title":{"rendered":"Tradycyjne kol\u0119dowanie w \u015awi\u0119to Trzech Kr\u00f3li."},"content":{"rendered":"\n<p class=\"has-text-align-center\"><strong>Klub Kreatywnych Kobiet i Stowarzyszenie Mi\u0142o\u015bnik\u00f3w Karwodrzy serdecznie zapraszaj\u0105 wszystkich mieszka\u0144c\u00f3w Karwodrzy i okolic na wsp\u00f3lne \u015bpiewanie kol\u0119d i pastora\u0142ek przy cie\u015bcie, gor\u0105cej kawie i herbacie.<br>\u015awi\u0119to Trzech Kr\u00f3li, poniedzia\u0142ek 6 stycznia, godz. 16:30, Dom Stra\u017caka w Karwodrzy. <\/strong><\/p>\n\n\n\n<div class=\"wp-block-image\"><figure class=\"aligncenter size-large\"><img loading=\"lazy\" decoding=\"async\" width=\"721\" height=\"1024\" src=\"https:\/\/karwodrza.pl\/wp-content\/uploads\/2019\/12\/LIFEstyle_News_MiXture_Images_159_140-721x1024.jpg\" alt=\"\" class=\"wp-image-1884\" srcset=\"https:\/\/karwodrza.pl\/wp-content\/uploads\/2019\/12\/LIFEstyle_News_MiXture_Images_159_140-721x1024.jpg 721w, https:\/\/karwodrza.pl\/wp-content\/uploads\/2019\/12\/LIFEstyle_News_MiXture_Images_159_140-211x300.jpg 211w, https:\/\/karwodrza.pl\/wp-content\/uploads\/2019\/12\/LIFEstyle_News_MiXture_Images_159_140-768x1091.jpg 768w, https:\/\/karwodrza.pl\/wp-content\/uploads\/2019\/12\/LIFEstyle_News_MiXture_Images_159_140-1082x1536.jpg 1082w, https:\/\/karwodrza.pl\/wp-content\/uploads\/2019\/12\/LIFEstyle_News_MiXture_Images_159_140-190x270.jpg 190w, https:\/\/karwodrza.pl\/wp-content\/uploads\/2019\/12\/LIFEstyle_News_MiXture_Images_159_140.jpg 1164w\" sizes=\"auto, (max-width: 721px) 100vw, 721px\" \/><\/figure><\/div>\n","protected":false},"excerpt":{"rendered":"<p>Klub Kreatywnych Kobiet i Stowarzyszenie Mi\u0142o\u015bnik\u00f3w Karwodrzy serdecznie zapraszaj\u0105 wszystkich mieszka\u0144c\u00f3w Karwodrzy i okolic na wsp\u00f3lne \u015bpiewanie kol\u0119d i pastora\u0142ek przy cie\u015bcie, gor\u0105cej kawie i herbacie.\u015awi\u0119to Trzech Kr\u00f3li, poniedzia\u0142ek 6 stycznia, godz. 16:30, Dom Stra\u017caka w Karwodrzy.<\/p>\n","protected":false},"author":2,"featured_media":0,"comment_status":"open","ping_status":"open","sticky":false,"template":"","format":"standard","meta":{"footnotes":""},"categories":[1],"tags":[],"class_list":["post-1883","post","type-post","status-publish","format-standard","hentry","category-bez-kategorii"],"_links":{"self":[{"href":"https:\/\/karwodrza.pl\/index.php\/wp-json\/wp\/v2\/posts\/1883","targetHints":{"allow":["GET"]}}],"collection":[{"href":"https:\/\/karwodrza.pl\/index.php\/wp-json\/wp\/v2\/posts"}],"about":[{"href":"https:\/\/karwodrza.pl\/index.php\/wp-json\/wp\/v2\/types\/post"}],"author":[{"embeddable":true,"href":"https:\/\/karwodrza.pl\/index.php\/wp-json\/wp\/v2\/users\/2"}],"replies":[{"embeddable":true,"href":"https:\/\/karwodrza.pl\/index.php\/wp-json\/wp\/v2\/comments?post=1883"}],"version-history":[{"count":1,"href":"https:\/\/karwodrza.pl\/index.php\/wp-json\/wp\/v2\/posts\/1883\/revisions"}],"predecessor-version":[{"id":1885,"href":"https:\/\/karwodrza.pl\/index.php\/wp-json\/wp\/v2\/posts\/1883\/revisions\/1885"}],"wp:attachment":[{"href":"https:\/\/karwodrza.pl\/index.php\/wp-json\/wp\/v2\/media?parent=1883"}],"wp:term":[{"taxonomy":"category","embeddable":true,"href":"https:\/\/karwodrza.pl\/index.php\/wp-json\/wp\/v2\/categories?post=1883"},{"taxonomy":"post_tag","embeddable":true,"href":"https:\/\/karwodrza.pl\/index.php\/wp-json\/wp\/v2\/tags?post=1883"}],"curies":[{"name":"wp","href":"https:\/\/api.w.org\/{rel}","templated":true}]}}