{"id":1854,"date":"2019-11-24T19:21:45","date_gmt":"2019-11-24T18:21:45","guid":{"rendered":"http:\/\/karwodrza.pl\/?p=1854"},"modified":"2019-11-24T19:21:49","modified_gmt":"2019-11-24T18:21:49","slug":"kalendarze-strazackie-na-2020-rok","status":"publish","type":"post","link":"https:\/\/karwodrza.pl\/index.php\/2019\/11\/24\/kalendarze-strazackie-na-2020-rok\/","title":{"rendered":"Kalendarze stra\u017cackie na 2020 rok"},"content":{"rendered":"\n<p class=\"has-text-align-center\"><strong>Stra\u017cacy z OSP w Karwodrzy ju\u017c pukaj\u0105 do naszych drzwi. Przyjmijcie ich \u017cyczliwie tak jak co roku i aby ich wizyta z kalendarzami by\u0142a jedyn\u0105 z jak\u0105 si\u0119 u nas pojawiaj\u0105  \ud83d\ude42<\/strong><\/p>\n\n\n\n<figure class=\"wp-block-gallery aligncenter columns-1 is-cropped wp-block-gallery-1 is-layout-flex wp-block-gallery-is-layout-flex\"><ul class=\"blocks-gallery-grid\"><li class=\"blocks-gallery-item\"><figure><img loading=\"lazy\" decoding=\"async\" width=\"737\" height=\"1024\" src=\"https:\/\/karwodrza.pl\/wp-content\/uploads\/2019\/11\/1-1-737x1024.jpg\" alt=\"\" data-id=\"1855\" data-full-url=\"https:\/\/karwodrza.pl\/wp-content\/uploads\/2019\/11\/1-1.jpg\" data-link=\"https:\/\/karwodrza.pl\/?attachment_id=1855\" class=\"wp-image-1855\" srcset=\"https:\/\/karwodrza.pl\/wp-content\/uploads\/2019\/11\/1-1-737x1024.jpg 737w, https:\/\/karwodrza.pl\/wp-content\/uploads\/2019\/11\/1-1-216x300.jpg 216w, https:\/\/karwodrza.pl\/wp-content\/uploads\/2019\/11\/1-1-768x1067.jpg 768w, https:\/\/karwodrza.pl\/wp-content\/uploads\/2019\/11\/1-1-1105x1536.jpg 1105w, https:\/\/karwodrza.pl\/wp-content\/uploads\/2019\/11\/1-1-1474x2048.jpg 1474w, https:\/\/karwodrza.pl\/wp-content\/uploads\/2019\/11\/1-1-194x270.jpg 194w, https:\/\/karwodrza.pl\/wp-content\/uploads\/2019\/11\/1-1.jpg 1628w\" sizes=\"auto, (max-width: 737px) 100vw, 737px\" \/><\/figure><\/li><li class=\"blocks-gallery-item\"><figure><img loading=\"lazy\" decoding=\"async\" width=\"733\" height=\"1024\" src=\"https:\/\/karwodrza.pl\/wp-content\/uploads\/2019\/11\/2-1-733x1024.jpg\" alt=\"\" data-id=\"1856\" data-full-url=\"https:\/\/karwodrza.pl\/wp-content\/uploads\/2019\/11\/2-1.jpg\" data-link=\"https:\/\/karwodrza.pl\/?attachment_id=1856\" class=\"wp-image-1856\" srcset=\"https:\/\/karwodrza.pl\/wp-content\/uploads\/2019\/11\/2-1-733x1024.jpg 733w, https:\/\/karwodrza.pl\/wp-content\/uploads\/2019\/11\/2-1-215x300.jpg 215w, https:\/\/karwodrza.pl\/wp-content\/uploads\/2019\/11\/2-1-768x1073.jpg 768w, https:\/\/karwodrza.pl\/wp-content\/uploads\/2019\/11\/2-1-1100x1536.jpg 1100w, https:\/\/karwodrza.pl\/wp-content\/uploads\/2019\/11\/2-1-1466x2048.jpg 1466w, https:\/\/karwodrza.pl\/wp-content\/uploads\/2019\/11\/2-1-193x270.jpg 193w, https:\/\/karwodrza.pl\/wp-content\/uploads\/2019\/11\/2-1.jpg 1624w\" sizes=\"auto, (max-width: 733px) 100vw, 733px\" \/><\/figure><\/li><\/ul><\/figure>\n","protected":false},"excerpt":{"rendered":"<p>Stra\u017cacy z OSP w Karwodrzy ju\u017c pukaj\u0105 do naszych drzwi. Przyjmijcie ich \u017cyczliwie tak jak co roku i aby ich wizyta z kalendarzami by\u0142a jedyn\u0105 z jak\u0105 si\u0119 u nas pojawiaj\u0105 \ud83d\ude42<\/p>\n","protected":false},"author":2,"featured_media":0,"comment_status":"open","ping_status":"open","sticky":false,"template":"","format":"standard","meta":{"footnotes":""},"categories":[1],"tags":[],"class_list":["post-1854","post","type-post","status-publish","format-standard","hentry","category-bez-kategorii"],"_links":{"self":[{"href":"https:\/\/karwodrza.pl\/index.php\/wp-json\/wp\/v2\/posts\/1854","targetHints":{"allow":["GET"]}}],"collection":[{"href":"https:\/\/karwodrza.pl\/index.php\/wp-json\/wp\/v2\/posts"}],"about":[{"href":"https:\/\/karwodrza.pl\/index.php\/wp-json\/wp\/v2\/types\/post"}],"author":[{"embeddable":true,"href":"https:\/\/karwodrza.pl\/index.php\/wp-json\/wp\/v2\/users\/2"}],"replies":[{"embeddable":true,"href":"https:\/\/karwodrza.pl\/index.php\/wp-json\/wp\/v2\/comments?post=1854"}],"version-history":[{"count":1,"href":"https:\/\/karwodrza.pl\/index.php\/wp-json\/wp\/v2\/posts\/1854\/revisions"}],"predecessor-version":[{"id":1857,"href":"https:\/\/karwodrza.pl\/index.php\/wp-json\/wp\/v2\/posts\/1854\/revisions\/1857"}],"wp:attachment":[{"href":"https:\/\/karwodrza.pl\/index.php\/wp-json\/wp\/v2\/media?parent=1854"}],"wp:term":[{"taxonomy":"category","embeddable":true,"href":"https:\/\/karwodrza.pl\/index.php\/wp-json\/wp\/v2\/categories?post=1854"},{"taxonomy":"post_tag","embeddable":true,"href":"https:\/\/karwodrza.pl\/index.php\/wp-json\/wp\/v2\/tags?post=1854"}],"curies":[{"name":"wp","href":"https:\/\/api.w.org\/{rel}","templated":true}]}}