{"id":1772,"date":"2019-06-21T19:36:31","date_gmt":"2019-06-21T17:36:31","guid":{"rendered":"http:\/\/karwodrza.pl\/?p=1772"},"modified":"2019-06-21T19:36:34","modified_gmt":"2019-06-21T17:36:34","slug":"30-vi-przejazd-i-przejscie-szlakiem-ii-chrrr","status":"publish","type":"post","link":"https:\/\/karwodrza.pl\/index.php\/2019\/06\/21\/30-vi-przejazd-i-przejscie-szlakiem-ii-chrrr\/","title":{"rendered":"30.VI &#8211; Przejazd i przej\u015bcie szlakiem II ChRRR"},"content":{"rendered":"\n<p style=\"text-align:center\"><strong>Zgodnie z zapowiedzi\u0105 poczynion\u0105 podczas II Charytatywnego Rodzinnego Rajdu Rowerowego przez Karwodrz\u0119 w dniu 28.04 b.r., informujemy wszystkich zainteresowanych, \u017ce w niedziel\u0119 30.06 b.r. b\u0119dzie organizowane przej\u015bcie Nordic Walking (z kijkami lub bez) i przejazd (to ju\u017c koniecznie rowerem) trasy II ChRRR. Mapka poni\u017cej.<br>Start i meta pod Domem Stra\u017caka w Karwodrzy!<br>Plan wydarzenia:<br>&#8211; godz. 15:00 wyj\u015bcie piechur\u00f3w spod Domu Stra\u017caka w Karwodrzy na tras\u0119 II ChRRR.<br>&#8211; godz. 16:00 wyjazd rowerzyst\u00f3w spod Domu Stra\u017caka w Karwodrzy na tras\u0119 II ChRRR.<br>&#8211; godz. 17:00 \/ 17:30 wej\u015bcie piechur\u00f3w i wjazd rowerzyst\u00f3w pod Dom Stra\u017caka w Karwodrzy i pocz\u0119stunek kie\u0142bas\u0105 z grilla.<br>R\u00f3wnie\u017c ka\u017cdy kto by\u0142 zapisany na II ChRRR i ui\u015bci\u0142 stosown\u0105 op\u0142at\u0119, a nie dotar\u0142 na rajd 28.04 b.r. i nie odebra\u0142 pakietu startowego, b\u0119dzie m\u00f3g\u0142 to zrobi\u0107 w niedziel\u0119 30.06 b.r. po przej\u015bciu lub przejechaniu trasy.<br>Serdecznie zapraszamy  \ud83d\ude42<\/strong><\/p>\n\n\n\n<div class=\"wp-block-image\"><figure class=\"aligncenter\"><img loading=\"lazy\" decoding=\"async\" width=\"1555\" height=\"1063\" src=\"https:\/\/karwodrza.pl\/wp-content\/uploads\/2019\/06\/Bez-tytu\u0142u.jpg\" alt=\"\" class=\"wp-image-1773\" srcset=\"https:\/\/karwodrza.pl\/wp-content\/uploads\/2019\/06\/Bez-tytu\u0142u.jpg 1555w, https:\/\/karwodrza.pl\/wp-content\/uploads\/2019\/06\/Bez-tytu\u0142u-300x205.jpg 300w, https:\/\/karwodrza.pl\/wp-content\/uploads\/2019\/06\/Bez-tytu\u0142u-768x525.jpg 768w, https:\/\/karwodrza.pl\/wp-content\/uploads\/2019\/06\/Bez-tytu\u0142u-1024x700.jpg 1024w, https:\/\/karwodrza.pl\/wp-content\/uploads\/2019\/06\/Bez-tytu\u0142u-395x270.jpg 395w\" sizes=\"auto, (max-width: 1555px) 100vw, 1555px\" \/><\/figure><\/div>\n\n\n\n<p style=\"text-align:center\"><a href=\"https:\/\/www.facebook.com\/events\/361226327912756\/\"><strong>https:\/\/www.facebook.com\/events\/361226327912756\/<\/strong><\/a><\/p>\n","protected":false},"excerpt":{"rendered":"<p>Zgodnie z zapowiedzi\u0105 poczynion\u0105 podczas II Charytatywnego Rodzinnego Rajdu Rowerowego przez Karwodrz\u0119 w dniu 28.04 b.r., informujemy wszystkich zainteresowanych, \u017ce w niedziel\u0119 30.06 b.r. b\u0119dzie organizowane przej\u015bcie Nordic Walking (z kijkami lub bez) i przejazd (to ju\u017c koniecznie rowerem) trasy II ChRRR. Mapka poni\u017cej.Start i meta pod Domem Stra\u017caka w Karwodrzy!Plan wydarzenia:&#8211; godz. 15:00 wyj\u015bcie&hellip; <br \/> <a class=\"read-more\" href=\"https:\/\/karwodrza.pl\/index.php\/2019\/06\/21\/30-vi-przejazd-i-przejscie-szlakiem-ii-chrrr\/\">Dowiedz si\u0119 wi\u0119cej<\/a><\/p>\n","protected":false},"author":2,"featured_media":0,"comment_status":"open","ping_status":"open","sticky":false,"template":"","format":"standard","meta":{"footnotes":""},"categories":[1],"tags":[],"class_list":["post-1772","post","type-post","status-publish","format-standard","hentry","category-bez-kategorii"],"_links":{"self":[{"href":"https:\/\/karwodrza.pl\/index.php\/wp-json\/wp\/v2\/posts\/1772","targetHints":{"allow":["GET"]}}],"collection":[{"href":"https:\/\/karwodrza.pl\/index.php\/wp-json\/wp\/v2\/posts"}],"about":[{"href":"https:\/\/karwodrza.pl\/index.php\/wp-json\/wp\/v2\/types\/post"}],"author":[{"embeddable":true,"href":"https:\/\/karwodrza.pl\/index.php\/wp-json\/wp\/v2\/users\/2"}],"replies":[{"embeddable":true,"href":"https:\/\/karwodrza.pl\/index.php\/wp-json\/wp\/v2\/comments?post=1772"}],"version-history":[{"count":1,"href":"https:\/\/karwodrza.pl\/index.php\/wp-json\/wp\/v2\/posts\/1772\/revisions"}],"predecessor-version":[{"id":1774,"href":"https:\/\/karwodrza.pl\/index.php\/wp-json\/wp\/v2\/posts\/1772\/revisions\/1774"}],"wp:attachment":[{"href":"https:\/\/karwodrza.pl\/index.php\/wp-json\/wp\/v2\/media?parent=1772"}],"wp:term":[{"taxonomy":"category","embeddable":true,"href":"https:\/\/karwodrza.pl\/index.php\/wp-json\/wp\/v2\/categories?post=1772"},{"taxonomy":"post_tag","embeddable":true,"href":"https:\/\/karwodrza.pl\/index.php\/wp-json\/wp\/v2\/tags?post=1772"}],"curies":[{"name":"wp","href":"https:\/\/api.w.org\/{rel}","templated":true}]}}