{"id":1725,"date":"2019-06-02T12:10:24","date_gmt":"2019-06-02T10:10:24","guid":{"rendered":"http:\/\/karwodrza.pl\/?p=1725"},"modified":"2019-06-17T23:10:08","modified_gmt":"2019-06-17T21:10:08","slug":"ii-swieto-rodziny-mama-tata-i-ja","status":"publish","type":"post","link":"https:\/\/karwodrza.pl\/index.php\/2019\/06\/02\/ii-swieto-rodziny-mama-tata-i-ja\/","title":{"rendered":"II \u015aWI\u0118TO RODZINY &#8211; Mama, tata i ja! Zaproszenie."},"content":{"rendered":"\n<p style=\"text-align:center\">  <strong>W niedziel\u0119 16 czerwca b.r. na godz. 14:00 zapraszamy WSZYSTKIE dzieci z rodzicami z Karwodrzy i nie tylko do Remizy OSP Karwodrza na &#8222;II \u015aWI\u0118TO RODZINY &#8211; Mama, tata i ja!&#8221;<br>W programie wyst\u0119p uczni\u00f3w ze Szko\u0142y Podstawowej z Karwodrzy i Zab\u0142\u0119dzy, zabawy i konkursy prowadzone przez nasze zaprzyja\u017anione Panie z tuchowskiego HappyLandu, mo\u017cliwo\u015b\u0107 ogl\u0105dni\u0119cia nowego wozu stra\u017cackiego OSP Karwodrza, lody, smako\u0142yki i du\u017co, du\u017co zabawy \ud83d\ude42<br>Przybywajcie jak najliczniej!!!<br>Zapraszaj\u0105 organizatorzy: Klub Kreatywnych Kobiet i Stowarzyszenie Mi\u0142o\u015bnik\u00f3w Karwodrzy.<\/strong><br><\/p>\n\n\n\n<p style=\"text-align:center\"><strong>Link do wydarzenia na FB: <\/strong><a href=\"https:\/\/www.facebook.com\/events\/370620066814949\/\"><strong>https:\/\/www.facebook.com\/events\/370620066814949\/<\/strong><\/a><\/p>\n\n\n\n<div class=\"wp-block-image\"><figure class=\"aligncenter\"><img loading=\"lazy\" decoding=\"async\" width=\"677\" height=\"954\" src=\"https:\/\/karwodrza.pl\/wp-content\/uploads\/2019\/06\/32807816_276387786233718_6647397720984125440_n-\u2014-kopia.jpg\" alt=\"\" class=\"wp-image-1726\" srcset=\"https:\/\/karwodrza.pl\/wp-content\/uploads\/2019\/06\/32807816_276387786233718_6647397720984125440_n-\u2014-kopia.jpg 677w, https:\/\/karwodrza.pl\/wp-content\/uploads\/2019\/06\/32807816_276387786233718_6647397720984125440_n-\u2014-kopia-213x300.jpg 213w, https:\/\/karwodrza.pl\/wp-content\/uploads\/2019\/06\/32807816_276387786233718_6647397720984125440_n-\u2014-kopia-192x270.jpg 192w\" sizes=\"auto, (max-width: 677px) 100vw, 677px\" \/><\/figure><\/div>\n","protected":false},"excerpt":{"rendered":"<p>W niedziel\u0119 16 czerwca b.r. na godz. 14:00 zapraszamy WSZYSTKIE dzieci z rodzicami z Karwodrzy i nie tylko do Remizy OSP Karwodrza na &#8222;II \u015aWI\u0118TO RODZINY &#8211; Mama, tata i ja!&#8221;W programie wyst\u0119p uczni\u00f3w ze Szko\u0142y Podstawowej z Karwodrzy i Zab\u0142\u0119dzy, zabawy i konkursy prowadzone przez nasze zaprzyja\u017anione Panie z tuchowskiego HappyLandu, mo\u017cliwo\u015b\u0107 ogl\u0105dni\u0119cia nowego&hellip; <br \/> <a class=\"read-more\" href=\"https:\/\/karwodrza.pl\/index.php\/2019\/06\/02\/ii-swieto-rodziny-mama-tata-i-ja\/\">Dowiedz si\u0119 wi\u0119cej<\/a><\/p>\n","protected":false},"author":2,"featured_media":0,"comment_status":"open","ping_status":"open","sticky":false,"template":"","format":"standard","meta":{"footnotes":""},"categories":[1],"tags":[],"class_list":["post-1725","post","type-post","status-publish","format-standard","hentry","category-bez-kategorii"],"_links":{"self":[{"href":"https:\/\/karwodrza.pl\/index.php\/wp-json\/wp\/v2\/posts\/1725","targetHints":{"allow":["GET"]}}],"collection":[{"href":"https:\/\/karwodrza.pl\/index.php\/wp-json\/wp\/v2\/posts"}],"about":[{"href":"https:\/\/karwodrza.pl\/index.php\/wp-json\/wp\/v2\/types\/post"}],"author":[{"embeddable":true,"href":"https:\/\/karwodrza.pl\/index.php\/wp-json\/wp\/v2\/users\/2"}],"replies":[{"embeddable":true,"href":"https:\/\/karwodrza.pl\/index.php\/wp-json\/wp\/v2\/comments?post=1725"}],"version-history":[{"count":2,"href":"https:\/\/karwodrza.pl\/index.php\/wp-json\/wp\/v2\/posts\/1725\/revisions"}],"predecessor-version":[{"id":1769,"href":"https:\/\/karwodrza.pl\/index.php\/wp-json\/wp\/v2\/posts\/1725\/revisions\/1769"}],"wp:attachment":[{"href":"https:\/\/karwodrza.pl\/index.php\/wp-json\/wp\/v2\/media?parent=1725"}],"wp:term":[{"taxonomy":"category","embeddable":true,"href":"https:\/\/karwodrza.pl\/index.php\/wp-json\/wp\/v2\/categories?post=1725"},{"taxonomy":"post_tag","embeddable":true,"href":"https:\/\/karwodrza.pl\/index.php\/wp-json\/wp\/v2\/tags?post=1725"}],"curies":[{"name":"wp","href":"https:\/\/api.w.org\/{rel}","templated":true}]}}