{"id":1632,"date":"2019-04-17T11:30:07","date_gmt":"2019-04-17T09:30:07","guid":{"rendered":"http:\/\/karwodrza.pl\/?p=1632"},"modified":"2019-04-17T11:31:41","modified_gmt":"2019-04-17T09:31:41","slug":"konsultacje-spoleczne-w-sprawie-remontu-drogi-przez-karwodrze","status":"publish","type":"post","link":"https:\/\/karwodrza.pl\/index.php\/2019\/04\/17\/konsultacje-spoleczne-w-sprawie-remontu-drogi-przez-karwodrze\/","title":{"rendered":"Konsultacje spo\u0142eczne w sprawie remontu drogi przez Karwodrz\u0119"},"content":{"rendered":"\n<p style=\"text-align:center\"><strong>Chcesz wiedzie\u0107 jak b\u0119dzie po remoncie przebiega\u0107 droga ko\u0142o Twojego domu? Chcesz wnie\u015b\u0107 uwagi lub zastrze\u017cenia? Masz czas do 6 maja! Kliknij poni\u017cszy link i dowiedz si\u0119 szczeg\u00f3\u0142\u00f3w. <\/strong><\/p>\n\n\n\n<figure class=\"wp-block-embed-wordpress aligncenter wp-block-embed is-type-wp-embed is-provider-tuchow-prawa-miejskie-od-1340-roku\"><div class=\"wp-block-embed__wrapper\">\nhttp:\/\/www.tuchow.pl\/rozbudowa-drogi-powiatowej-ladna-karwodrza\/\n<\/div><\/figure>\n","protected":false},"excerpt":{"rendered":"<p>Chcesz wiedzie\u0107 jak b\u0119dzie po remoncie przebiega\u0107 droga ko\u0142o Twojego domu? Chcesz wnie\u015b\u0107 uwagi lub zastrze\u017cenia? Masz czas do 6 maja! Kliknij poni\u017cszy link i dowiedz si\u0119 szczeg\u00f3\u0142\u00f3w.<\/p>\n","protected":false},"author":2,"featured_media":0,"comment_status":"open","ping_status":"open","sticky":false,"template":"","format":"standard","meta":{"footnotes":""},"categories":[1],"tags":[],"class_list":["post-1632","post","type-post","status-publish","format-standard","hentry","category-bez-kategorii"],"_links":{"self":[{"href":"https:\/\/karwodrza.pl\/index.php\/wp-json\/wp\/v2\/posts\/1632","targetHints":{"allow":["GET"]}}],"collection":[{"href":"https:\/\/karwodrza.pl\/index.php\/wp-json\/wp\/v2\/posts"}],"about":[{"href":"https:\/\/karwodrza.pl\/index.php\/wp-json\/wp\/v2\/types\/post"}],"author":[{"embeddable":true,"href":"https:\/\/karwodrza.pl\/index.php\/wp-json\/wp\/v2\/users\/2"}],"replies":[{"embeddable":true,"href":"https:\/\/karwodrza.pl\/index.php\/wp-json\/wp\/v2\/comments?post=1632"}],"version-history":[{"count":2,"href":"https:\/\/karwodrza.pl\/index.php\/wp-json\/wp\/v2\/posts\/1632\/revisions"}],"predecessor-version":[{"id":1635,"href":"https:\/\/karwodrza.pl\/index.php\/wp-json\/wp\/v2\/posts\/1632\/revisions\/1635"}],"wp:attachment":[{"href":"https:\/\/karwodrza.pl\/index.php\/wp-json\/wp\/v2\/media?parent=1632"}],"wp:term":[{"taxonomy":"category","embeddable":true,"href":"https:\/\/karwodrza.pl\/index.php\/wp-json\/wp\/v2\/categories?post=1632"},{"taxonomy":"post_tag","embeddable":true,"href":"https:\/\/karwodrza.pl\/index.php\/wp-json\/wp\/v2\/tags?post=1632"}],"curies":[{"name":"wp","href":"https:\/\/api.w.org\/{rel}","templated":true}]}}