{"id":1595,"date":"2019-04-13T20:54:38","date_gmt":"2019-04-13T18:54:38","guid":{"rendered":"http:\/\/karwodrza.pl\/?p=1595"},"modified":"2019-04-13T20:54:42","modified_gmt":"2019-04-13T18:54:42","slug":"juz-tylko-2-tygodnie-do-iichrrr-plan-imprezy","status":"publish","type":"post","link":"https:\/\/karwodrza.pl\/index.php\/2019\/04\/13\/juz-tylko-2-tygodnie-do-iichrrr-plan-imprezy\/","title":{"rendered":"Ju\u017c tylko 2 tygodnie do IIChRRR. Plan imprezy."},"content":{"rendered":"\n<p style=\"text-align:center\"><strong>Nie je\u017cd\u017c\u0119 na rowerze..\u2026 Rajd to impreza nie dla mnie\u2026.. <\/strong><\/p>\n\n\n\n<p style=\"text-align:center\"><strong>Chyba \u017cartujesz?! Przyjd\u017a KONIECZNIE na stadion LKKS Karwodrza w niedziel\u0119 28 kwietnia w dniu II ChRRR! A dlaczego, po co i w jakim celu? Zapoznaj si\u0119 z planem imprezy i bez wzgl\u0119du na wiek, p\u0142e\u0107, miejsce zamieszkania, kolor oczu i ca\u0142\u0105 reszt\u0119, to wbijaj do nas bez zastanowienia! <\/strong><\/p>\n\n\n\n<p style=\"text-align:center\"><strong>13:00 \u2013 14:00 &#8211; otwarcie biura rajdu i wydawanie pakiet\u00f3w startowych<\/strong> <\/p>\n\n\n\n<p style=\"text-align:center\"><strong>14:00 \u2013 start rajdu i wyjazd uczestnik\u00f3w w 11 km tras\u0119 z 7 punktami przystankowymi<\/strong><\/p>\n\n\n\n<p style=\"text-align:center\"><strong>14:00 \u2013 16:00 \u2013 przejazd przez uczestnik\u00f3w trasy rajdu, a w tym czasie dla os\u00f3b niejad\u0105cych, na boisku LKKS Karwodrza odb\u0119d\u0105 si\u0119: gry i zabawy sportowe i rozrywkowe dla dzieci, malowanie twarzy, lepienie figurek z gipsu i wiele innych zabaw-niespodzianek prowadzone przez naszych przyjaci\u00f3\u0142 z DPS, WTZ i \u015aDS Karwodrza i HappyLand Tuch\u00f3w i przez kogo\u015b jeszcze (niespodzianka)! A co powiecie na dmuchany zamek ze zje\u017cd\u017calniami? B\u0119d\u0105 nawet DWA! I to wszystko do dyspozycji zupe\u0142nie ZA DARMO!<\/strong><\/p>\n\n\n\n<p style=\"text-align:center\"><strong>16:00 \u2013 16:30 &#8211; powr\u00f3t uczestnik\u00f3w przejazdu, wr\u0119czenie medali pami\u0105tkowych, odbi\u00f3r i konsumpcja \u201eprzydzia\u0142owych\u201d kie\u0142basek z grilla<\/strong><\/p>\n\n\n\n<p style=\"text-align:center\"><strong>16:30 \u2013 17:30 \u2013 aukcje charytatywne r\u00f3\u017cnych przedmiot\u00f3w i r\u0119kodzie\u0142a ofiarowanych nam przez naszych przyjaci\u00f3\u0142, partner\u00f3w i sponsor\u00f3w<\/strong><\/p>\n\n\n\n<p style=\"text-align:center\"><strong>17:30 \u2013 18:00 &#8211; pokaz akcji ratowniczej z ci\u0119ciem pojazdu, kt\u00f3re przedstawi\u0105 nam druhowie z OSP Karwodrza!<\/strong><\/p>\n\n\n\n<p style=\"text-align:center\"><strong>18:00 \u2013 19:00 \u2013 dalsze zabawy dla dzieci przy udziale naszych wspania\u0142ych przyjaci\u00f3\u0142, kt\u00f3rzy potrafi\u0105 zrobi\u0107 to znakomicie.<\/strong><\/p>\n\n\n\n<p style=\"text-align:center\"><strong>A poza tym ca\u0142y czas, od godz. 13:00 do ko\u0144ca imprezy b\u0119dzie mo\u017cna naby\u0107 na naszych stoiskach: kie\u0142basy z grilla, ciasta i chleb wiejski ze smalcem pieczone i przygotowane przez Panie z KKK, OSP i Ko\u0142a Gospody\u0144 Wiejskich z Trzemesnej, wod\u0119 mineraln\u0105, napoje itp.<\/strong><\/p>\n\n\n\n<p style=\"text-align:center\"><strong>Zapisy na II ChRRR mo\u017cliwe przez internet i w dniu rajdu do samego startu, czyli do 28.04.2019 do godz. 13:59!<\/strong><\/p>\n\n\n\n<p style=\"text-align:center\"><strong>Zapraszamy gor\u0105co i trzymajcie kciuki za pogod\u0119!!!<\/strong><\/p>\n\n\n\n<div class=\"wp-block-image\"><figure class=\"aligncenter\"><img loading=\"lazy\" decoding=\"async\" width=\"3861\" height=\"2730\" src=\"https:\/\/karwodrza.pl\/wp-content\/uploads\/2019\/03\/Plakat-IIChRRR-2019_resize.jpg\" alt=\"\" class=\"wp-image-1485\" srcset=\"https:\/\/karwodrza.pl\/wp-content\/uploads\/2019\/03\/Plakat-IIChRRR-2019_resize.jpg 3861w, https:\/\/karwodrza.pl\/wp-content\/uploads\/2019\/03\/Plakat-IIChRRR-2019_resize-300x212.jpg 300w, https:\/\/karwodrza.pl\/wp-content\/uploads\/2019\/03\/Plakat-IIChRRR-2019_resize-768x543.jpg 768w, https:\/\/karwodrza.pl\/wp-content\/uploads\/2019\/03\/Plakat-IIChRRR-2019_resize-1024x724.jpg 1024w, https:\/\/karwodrza.pl\/wp-content\/uploads\/2019\/03\/Plakat-IIChRRR-2019_resize-382x270.jpg 382w\" sizes=\"auto, (max-width: 3861px) 100vw, 3861px\" \/><\/figure><\/div>\n\n\n\n<p><br><\/p>\n","protected":false},"excerpt":{"rendered":"<p>Nie je\u017cd\u017c\u0119 na rowerze..\u2026 Rajd to impreza nie dla mnie\u2026.. Chyba \u017cartujesz?! Przyjd\u017a KONIECZNIE na stadion LKKS Karwodrza w niedziel\u0119 28 kwietnia w dniu II ChRRR! A dlaczego, po co i w jakim celu? Zapoznaj si\u0119 z planem imprezy i bez wzgl\u0119du na wiek, p\u0142e\u0107, miejsce zamieszkania, kolor oczu i ca\u0142\u0105 reszt\u0119, to wbijaj do&hellip; <br \/> <a class=\"read-more\" href=\"https:\/\/karwodrza.pl\/index.php\/2019\/04\/13\/juz-tylko-2-tygodnie-do-iichrrr-plan-imprezy\/\">Dowiedz si\u0119 wi\u0119cej<\/a><\/p>\n","protected":false},"author":2,"featured_media":0,"comment_status":"open","ping_status":"open","sticky":false,"template":"","format":"standard","meta":{"footnotes":""},"categories":[1],"tags":[],"class_list":["post-1595","post","type-post","status-publish","format-standard","hentry","category-bez-kategorii"],"_links":{"self":[{"href":"https:\/\/karwodrza.pl\/index.php\/wp-json\/wp\/v2\/posts\/1595","targetHints":{"allow":["GET"]}}],"collection":[{"href":"https:\/\/karwodrza.pl\/index.php\/wp-json\/wp\/v2\/posts"}],"about":[{"href":"https:\/\/karwodrza.pl\/index.php\/wp-json\/wp\/v2\/types\/post"}],"author":[{"embeddable":true,"href":"https:\/\/karwodrza.pl\/index.php\/wp-json\/wp\/v2\/users\/2"}],"replies":[{"embeddable":true,"href":"https:\/\/karwodrza.pl\/index.php\/wp-json\/wp\/v2\/comments?post=1595"}],"version-history":[{"count":1,"href":"https:\/\/karwodrza.pl\/index.php\/wp-json\/wp\/v2\/posts\/1595\/revisions"}],"predecessor-version":[{"id":1596,"href":"https:\/\/karwodrza.pl\/index.php\/wp-json\/wp\/v2\/posts\/1595\/revisions\/1596"}],"wp:attachment":[{"href":"https:\/\/karwodrza.pl\/index.php\/wp-json\/wp\/v2\/media?parent=1595"}],"wp:term":[{"taxonomy":"category","embeddable":true,"href":"https:\/\/karwodrza.pl\/index.php\/wp-json\/wp\/v2\/categories?post=1595"},{"taxonomy":"post_tag","embeddable":true,"href":"https:\/\/karwodrza.pl\/index.php\/wp-json\/wp\/v2\/tags?post=1595"}],"curies":[{"name":"wp","href":"https:\/\/api.w.org\/{rel}","templated":true}]}}