{"id":1515,"date":"2019-03-20T12:14:07","date_gmt":"2019-03-20T11:14:07","guid":{"rendered":"http:\/\/karwodrza.pl\/?p=1515"},"modified":"2019-03-20T12:14:10","modified_gmt":"2019-03-20T11:14:10","slug":"start-aukcji-charytatywnych-na-allegro-dla-iichrrr-i-osp-karwodrza","status":"publish","type":"post","link":"https:\/\/karwodrza.pl\/index.php\/2019\/03\/20\/start-aukcji-charytatywnych-na-allegro-dla-iichrrr-i-osp-karwodrza\/","title":{"rendered":"Start aukcji charytatywnych na Allegro dla IIChRRR i OSP Karwodrza"},"content":{"rendered":"\n<p>Ju\u017c jutro wiecz\u00f3r na Allegro rusza kilkana\u015bcie aukcji charytatywnych z r\u00f3\u017cnymi przedmiotami, z kt\u00f3rych ca\u0142y doch\u00f3d ze sprzeda\u017cy zostanie przeznaczony na zakup lub doposa\u017cenie wozu stra\u017cackiego dla OSP Karwodrza, czyli naszego beneficjenta w tegorocznym II Charytatywnym Rodzinnym Rajdzie Rowerowym przez Karwodrz\u0119.<br>Uchylamy r\u0105bka tajemnicy co m.in. si\u0119 tam znajdzie. Oryginalna koszulka z podpisami zawodnik\u00f3w siatkarskiego zespo\u0142u ZAKSA K\u0119dzierzyn-Ko\u017ale, zdobywcy Pucharu Polski 2019!!!<br>Co jeszcze? Tajemnica! O stracie aukcji powiadomimy jutro wieczorem. \u015aled\u017acie nasz profil, stron\u0119 internetow\u0105 i wydarzenie IIChRRR.<\/p>\n\n\n\n<div class=\"wp-block-image\"><figure class=\"aligncenter\"><img loading=\"lazy\" decoding=\"async\" width=\"2955\" height=\"3941\" src=\"https:\/\/karwodrza.pl\/wp-content\/uploads\/2019\/03\/20190224_111750.jpg\" alt=\"\" class=\"wp-image-1516\" srcset=\"https:\/\/karwodrza.pl\/wp-content\/uploads\/2019\/03\/20190224_111750.jpg 2955w, https:\/\/karwodrza.pl\/wp-content\/uploads\/2019\/03\/20190224_111750-225x300.jpg 225w, https:\/\/karwodrza.pl\/wp-content\/uploads\/2019\/03\/20190224_111750-768x1024.jpg 768w, https:\/\/karwodrza.pl\/wp-content\/uploads\/2019\/03\/20190224_111750-202x270.jpg 202w\" sizes=\"auto, (max-width: 2955px) 100vw, 2955px\" \/><\/figure><\/div>\n","protected":false},"excerpt":{"rendered":"<p>Ju\u017c jutro wiecz\u00f3r na Allegro rusza kilkana\u015bcie aukcji charytatywnych z r\u00f3\u017cnymi przedmiotami, z kt\u00f3rych ca\u0142y doch\u00f3d ze sprzeda\u017cy zostanie przeznaczony na zakup lub doposa\u017cenie wozu stra\u017cackiego dla OSP Karwodrza, czyli naszego beneficjenta w tegorocznym II Charytatywnym Rodzinnym Rajdzie Rowerowym przez Karwodrz\u0119.Uchylamy r\u0105bka tajemnicy co m.in. si\u0119 tam znajdzie. Oryginalna koszulka z podpisami zawodnik\u00f3w siatkarskiego zespo\u0142u&hellip; <br \/> <a class=\"read-more\" href=\"https:\/\/karwodrza.pl\/index.php\/2019\/03\/20\/start-aukcji-charytatywnych-na-allegro-dla-iichrrr-i-osp-karwodrza\/\">Dowiedz si\u0119 wi\u0119cej<\/a><\/p>\n","protected":false},"author":2,"featured_media":0,"comment_status":"open","ping_status":"open","sticky":false,"template":"","format":"standard","meta":{"footnotes":""},"categories":[1],"tags":[],"class_list":["post-1515","post","type-post","status-publish","format-standard","hentry","category-bez-kategorii"],"_links":{"self":[{"href":"https:\/\/karwodrza.pl\/index.php\/wp-json\/wp\/v2\/posts\/1515","targetHints":{"allow":["GET"]}}],"collection":[{"href":"https:\/\/karwodrza.pl\/index.php\/wp-json\/wp\/v2\/posts"}],"about":[{"href":"https:\/\/karwodrza.pl\/index.php\/wp-json\/wp\/v2\/types\/post"}],"author":[{"embeddable":true,"href":"https:\/\/karwodrza.pl\/index.php\/wp-json\/wp\/v2\/users\/2"}],"replies":[{"embeddable":true,"href":"https:\/\/karwodrza.pl\/index.php\/wp-json\/wp\/v2\/comments?post=1515"}],"version-history":[{"count":1,"href":"https:\/\/karwodrza.pl\/index.php\/wp-json\/wp\/v2\/posts\/1515\/revisions"}],"predecessor-version":[{"id":1517,"href":"https:\/\/karwodrza.pl\/index.php\/wp-json\/wp\/v2\/posts\/1515\/revisions\/1517"}],"wp:attachment":[{"href":"https:\/\/karwodrza.pl\/index.php\/wp-json\/wp\/v2\/media?parent=1515"}],"wp:term":[{"taxonomy":"category","embeddable":true,"href":"https:\/\/karwodrza.pl\/index.php\/wp-json\/wp\/v2\/categories?post=1515"},{"taxonomy":"post_tag","embeddable":true,"href":"https:\/\/karwodrza.pl\/index.php\/wp-json\/wp\/v2\/tags?post=1515"}],"curies":[{"name":"wp","href":"https:\/\/api.w.org\/{rel}","templated":true}]}}