{"id":1510,"date":"2019-03-18T09:02:41","date_gmt":"2019-03-18T08:02:41","guid":{"rendered":"http:\/\/karwodrza.pl\/?p=1510"},"modified":"2019-03-18T09:02:44","modified_gmt":"2019-03-18T08:02:44","slug":"wyniki-wyborow-soltysa-i-rady-soleckiej","status":"publish","type":"post","link":"https:\/\/karwodrza.pl\/index.php\/2019\/03\/18\/wyniki-wyborow-soltysa-i-rady-soleckiej\/","title":{"rendered":"Wyniki wybor\u00f3w So\u0142tysa i Rady So\u0142eckiej"},"content":{"rendered":"\n<div class=\"wp-block-image\"><figure class=\"aligncenter\"><img loading=\"lazy\" decoding=\"async\" width=\"949\" height=\"499\" src=\"https:\/\/karwodrza.pl\/wp-content\/uploads\/2019\/03\/53097287_439496093256219_4291999306094739456_n.jpg\" alt=\"\" class=\"wp-image-1511\" srcset=\"https:\/\/karwodrza.pl\/wp-content\/uploads\/2019\/03\/53097287_439496093256219_4291999306094739456_n.jpg 949w, https:\/\/karwodrza.pl\/wp-content\/uploads\/2019\/03\/53097287_439496093256219_4291999306094739456_n-300x158.jpg 300w, https:\/\/karwodrza.pl\/wp-content\/uploads\/2019\/03\/53097287_439496093256219_4291999306094739456_n-768x404.jpg 768w, https:\/\/karwodrza.pl\/wp-content\/uploads\/2019\/03\/53097287_439496093256219_4291999306094739456_n-513x270.jpg 513w\" sizes=\"auto, (max-width: 949px) 100vw, 949px\" \/><\/figure><\/div>\n\n\n\n<p style=\"text-align:center\" class=\"has-medium-font-size\"><strong>Gratuluj\u0119 zwyci\u0119zcom, a wszystkim mieszka\u0144com, kt\u00f3rzy oddali na mnie sw\u00f3j g\u0142os bardzo serdecznie dzi\u0119kuj\u0119 i pozdrawiam \ud83d\ude42<\/strong><\/p>\n\n\n\n<p style=\"text-align:right\"><strong>\u0141ukasz W\u0142odarz<\/strong><\/p>\n","protected":false},"excerpt":{"rendered":"<p>Gratuluj\u0119 zwyci\u0119zcom, a wszystkim mieszka\u0144com, kt\u00f3rzy oddali na mnie sw\u00f3j g\u0142os bardzo serdecznie dzi\u0119kuj\u0119 i pozdrawiam \ud83d\ude42 \u0141ukasz W\u0142odarz<\/p>\n","protected":false},"author":2,"featured_media":0,"comment_status":"open","ping_status":"open","sticky":false,"template":"","format":"standard","meta":{"footnotes":""},"categories":[1],"tags":[],"class_list":["post-1510","post","type-post","status-publish","format-standard","hentry","category-bez-kategorii"],"_links":{"self":[{"href":"https:\/\/karwodrza.pl\/index.php\/wp-json\/wp\/v2\/posts\/1510","targetHints":{"allow":["GET"]}}],"collection":[{"href":"https:\/\/karwodrza.pl\/index.php\/wp-json\/wp\/v2\/posts"}],"about":[{"href":"https:\/\/karwodrza.pl\/index.php\/wp-json\/wp\/v2\/types\/post"}],"author":[{"embeddable":true,"href":"https:\/\/karwodrza.pl\/index.php\/wp-json\/wp\/v2\/users\/2"}],"replies":[{"embeddable":true,"href":"https:\/\/karwodrza.pl\/index.php\/wp-json\/wp\/v2\/comments?post=1510"}],"version-history":[{"count":1,"href":"https:\/\/karwodrza.pl\/index.php\/wp-json\/wp\/v2\/posts\/1510\/revisions"}],"predecessor-version":[{"id":1512,"href":"https:\/\/karwodrza.pl\/index.php\/wp-json\/wp\/v2\/posts\/1510\/revisions\/1512"}],"wp:attachment":[{"href":"https:\/\/karwodrza.pl\/index.php\/wp-json\/wp\/v2\/media?parent=1510"}],"wp:term":[{"taxonomy":"category","embeddable":true,"href":"https:\/\/karwodrza.pl\/index.php\/wp-json\/wp\/v2\/categories?post=1510"},{"taxonomy":"post_tag","embeddable":true,"href":"https:\/\/karwodrza.pl\/index.php\/wp-json\/wp\/v2\/tags?post=1510"}],"curies":[{"name":"wp","href":"https:\/\/api.w.org\/{rel}","templated":true}]}}