{"id":1344,"date":"2019-02-04T16:49:33","date_gmt":"2019-02-04T15:49:33","guid":{"rendered":"http:\/\/karwodrza.pl\/?p=1344"},"modified":"2019-02-04T16:49:36","modified_gmt":"2019-02-04T15:49:36","slug":"zebranie-mieszkancow-karwodrzy-09-02-2019","status":"publish","type":"post","link":"https:\/\/karwodrza.pl\/index.php\/2019\/02\/04\/zebranie-mieszkancow-karwodrzy-09-02-2019\/","title":{"rendered":"Zebranie mieszka\u0144c\u00f3w Karwodrzy &#8211; 09.02.2019"},"content":{"rendered":"\n<p style=\"text-align:center\"><strong>Za obwieszczeniem Rady So\u0142eckiej z tablicy og\u0142oszeniowej:<br>&#8222;Zawiadamia si\u0119, \u017ce w dniu 9 lutego 2019 r. o godz. 18:00 w Remizie OSP w Karwodrzy odb\u0119dzie si\u0119 zebranie mieszka\u0144c\u00f3w Wsi.<br>Porz\u0105dek zebrania:<br>1. Otwarcie zebrania i przedstawienie porz\u0105dku obrad.<br>2. Przedstawienie bud\u017cetu gminy Tuch\u00f3w na 2019 r. oraz uchwa\u0142 podatkowych.<br>3. Sprawozdanie z dzia\u0142alno\u015bci Rady So\u0142eckiej.<br>4. Podzia\u0142 dodatkowych \u015brodk\u00f3w finansowych so\u0142ectwa oraz ewentualne propozycje korekty funduszu so\u0142eckiego na 2019 rok.<br>5. Zg\u0142aszanie uwag do projektu statutu so\u0142ectwa.<br>6. Wybory so\u0142tys\u00f3w i cz\u0142onk\u00f3w rad so\u0142eckich &#8211; zg\u0142aszanie kandydat\u00f3w.<br>7. Sprawy bie\u017c\u0105ce.&#8221;<br>ZAPRASZAMY  \ud83d\ude42<\/strong><\/p>\n\n\n\n<div class=\"wp-block-image\"><figure class=\"aligncenter\"><img loading=\"lazy\" decoding=\"async\" width=\"1024\" height=\"769\" src=\"https:\/\/karwodrza.pl\/wp-content\/uploads\/2019\/02\/20190204_152141-1024x769.jpg\" alt=\"\" class=\"wp-image-1345\" srcset=\"https:\/\/karwodrza.pl\/wp-content\/uploads\/2019\/02\/20190204_152141-1024x769.jpg 1024w, https:\/\/karwodrza.pl\/wp-content\/uploads\/2019\/02\/20190204_152141-300x225.jpg 300w, https:\/\/karwodrza.pl\/wp-content\/uploads\/2019\/02\/20190204_152141-768x576.jpg 768w, https:\/\/karwodrza.pl\/wp-content\/uploads\/2019\/02\/20190204_152141-360x270.jpg 360w\" sizes=\"auto, (max-width: 1024px) 100vw, 1024px\" \/><\/figure><\/div>\n","protected":false},"excerpt":{"rendered":"<p>Za obwieszczeniem Rady So\u0142eckiej z tablicy og\u0142oszeniowej:&#8222;Zawiadamia si\u0119, \u017ce w dniu 9 lutego 2019 r. o godz. 18:00 w Remizie OSP w Karwodrzy odb\u0119dzie si\u0119 zebranie mieszka\u0144c\u00f3w Wsi.Porz\u0105dek zebrania:1. Otwarcie zebrania i przedstawienie porz\u0105dku obrad.2. Przedstawienie bud\u017cetu gminy Tuch\u00f3w na 2019 r. oraz uchwa\u0142 podatkowych.3. Sprawozdanie z dzia\u0142alno\u015bci Rady So\u0142eckiej.4. Podzia\u0142 dodatkowych \u015brodk\u00f3w finansowych so\u0142ectwa&hellip; <br \/> <a class=\"read-more\" href=\"https:\/\/karwodrza.pl\/index.php\/2019\/02\/04\/zebranie-mieszkancow-karwodrzy-09-02-2019\/\">Dowiedz si\u0119 wi\u0119cej<\/a><\/p>\n","protected":false},"author":2,"featured_media":0,"comment_status":"open","ping_status":"open","sticky":false,"template":"","format":"standard","meta":{"footnotes":""},"categories":[1],"tags":[],"class_list":["post-1344","post","type-post","status-publish","format-standard","hentry","category-bez-kategorii"],"_links":{"self":[{"href":"https:\/\/karwodrza.pl\/index.php\/wp-json\/wp\/v2\/posts\/1344","targetHints":{"allow":["GET"]}}],"collection":[{"href":"https:\/\/karwodrza.pl\/index.php\/wp-json\/wp\/v2\/posts"}],"about":[{"href":"https:\/\/karwodrza.pl\/index.php\/wp-json\/wp\/v2\/types\/post"}],"author":[{"embeddable":true,"href":"https:\/\/karwodrza.pl\/index.php\/wp-json\/wp\/v2\/users\/2"}],"replies":[{"embeddable":true,"href":"https:\/\/karwodrza.pl\/index.php\/wp-json\/wp\/v2\/comments?post=1344"}],"version-history":[{"count":1,"href":"https:\/\/karwodrza.pl\/index.php\/wp-json\/wp\/v2\/posts\/1344\/revisions"}],"predecessor-version":[{"id":1346,"href":"https:\/\/karwodrza.pl\/index.php\/wp-json\/wp\/v2\/posts\/1344\/revisions\/1346"}],"wp:attachment":[{"href":"https:\/\/karwodrza.pl\/index.php\/wp-json\/wp\/v2\/media?parent=1344"}],"wp:term":[{"taxonomy":"category","embeddable":true,"href":"https:\/\/karwodrza.pl\/index.php\/wp-json\/wp\/v2\/categories?post=1344"},{"taxonomy":"post_tag","embeddable":true,"href":"https:\/\/karwodrza.pl\/index.php\/wp-json\/wp\/v2\/tags?post=1344"}],"curies":[{"name":"wp","href":"https:\/\/api.w.org\/{rel}","templated":true}]}}