{"id":1313,"date":"2019-01-26T16:21:02","date_gmt":"2019-01-26T15:21:02","guid":{"rendered":"http:\/\/karwodrza.pl\/?p=1313"},"modified":"2019-01-26T16:21:06","modified_gmt":"2019-01-26T15:21:06","slug":"po-dluzszej-przerwie-wracamy-do-tematu-planowanego-remontu-drogi-przez-karwodrze","status":"publish","type":"post","link":"https:\/\/karwodrza.pl\/index.php\/2019\/01\/26\/po-dluzszej-przerwie-wracamy-do-tematu-planowanego-remontu-drogi-przez-karwodrze\/","title":{"rendered":"Po d\u0142u\u017cszej przerwie wracamy do tematu planowanego remontu drogi przez Karwodrz\u0119"},"content":{"rendered":"\n<p style=\"text-align:center\"><strong> Ponad 7 miesi\u0119cy temu, bo 21 czerwca 2018 roku w Starostwie Powiatowym w Tarnowie odby\u0142o si\u0119 spotkanie informacyjne dotycz\u0105ce post\u0119p\u00f3w w pracach i dalszych planowanych dzia\u0142a\u0144 dotycz\u0105cych przebudowy drogi powiatowej \u0141adna &#8211; Karwodrza. Pojawi\u0142o si\u0119 wtedy wiele konkret\u00f3w, ale i wiele niewiadomych wynikaj\u0105cych cho\u0107by z pocz\u0105tkowego etapu trwania tej inwestycji.<br>Czas mija i mimo, \u017ce aktualnie pogoda nie pozwala na kontynuowanie prac, to przy biurkach i w planach pewnie du\u017co si\u0119 dzieje.<br>Chcemy pozna\u0107 co dalej z &#8222;nasz\u0105 drog\u0105&#8221; i st\u0105d poni\u017csze pismo do Pana Starosty Romana \u0141ucarza, kt\u00f3re pokazuje, \u017ce pami\u0119tamy o planowanej przebudowie i oczekujemy, i\u017c b\u0119dziemy o niej informowani.<br>Pismo zostanie wys\u0142ane do Pana Starosty w najbli\u017cszy poniedzia\u0142ek. Oczywi\u015bcie poinformujemy o otrzymanej odpowiedzi.<br>Z pozdrowieniami:<br>SMK \u0141W \u00a0\ud83d\ude42<\/strong><\/p>\n\n\n\n<div class=\"wp-block-image\"><figure class=\"aligncenter\"><img loading=\"lazy\" decoding=\"async\" width=\"720\" height=\"1024\" src=\"https:\/\/karwodrza.pl\/wp-content\/uploads\/2019\/01\/Pismo-do-Starosty-o-nowe-informacje-o-drodze-1-720x1024.jpg\" alt=\"\" class=\"wp-image-1314\" srcset=\"https:\/\/karwodrza.pl\/wp-content\/uploads\/2019\/01\/Pismo-do-Starosty-o-nowe-informacje-o-drodze-1-720x1024.jpg 720w, https:\/\/karwodrza.pl\/wp-content\/uploads\/2019\/01\/Pismo-do-Starosty-o-nowe-informacje-o-drodze-1-211x300.jpg 211w, https:\/\/karwodrza.pl\/wp-content\/uploads\/2019\/01\/Pismo-do-Starosty-o-nowe-informacje-o-drodze-1-768x1093.jpg 768w, https:\/\/karwodrza.pl\/wp-content\/uploads\/2019\/01\/Pismo-do-Starosty-o-nowe-informacje-o-drodze-1-190x270.jpg 190w, https:\/\/karwodrza.pl\/wp-content\/uploads\/2019\/01\/Pismo-do-Starosty-o-nowe-informacje-o-drodze-1.jpg 1627w\" sizes=\"auto, (max-width: 720px) 100vw, 720px\" \/><\/figure><\/div>\n","protected":false},"excerpt":{"rendered":"<p>Ponad 7 miesi\u0119cy temu, bo 21 czerwca 2018 roku w Starostwie Powiatowym w Tarnowie odby\u0142o si\u0119 spotkanie informacyjne dotycz\u0105ce post\u0119p\u00f3w w pracach i dalszych planowanych dzia\u0142a\u0144 dotycz\u0105cych przebudowy drogi powiatowej \u0141adna &#8211; Karwodrza. Pojawi\u0142o si\u0119 wtedy wiele konkret\u00f3w, ale i wiele niewiadomych wynikaj\u0105cych cho\u0107by z pocz\u0105tkowego etapu trwania tej inwestycji.Czas mija i mimo, \u017ce aktualnie&hellip; <br \/> <a class=\"read-more\" href=\"https:\/\/karwodrza.pl\/index.php\/2019\/01\/26\/po-dluzszej-przerwie-wracamy-do-tematu-planowanego-remontu-drogi-przez-karwodrze\/\">Dowiedz si\u0119 wi\u0119cej<\/a><\/p>\n","protected":false},"author":2,"featured_media":0,"comment_status":"open","ping_status":"open","sticky":false,"template":"","format":"standard","meta":{"footnotes":""},"categories":[1],"tags":[],"class_list":["post-1313","post","type-post","status-publish","format-standard","hentry","category-bez-kategorii"],"_links":{"self":[{"href":"https:\/\/karwodrza.pl\/index.php\/wp-json\/wp\/v2\/posts\/1313","targetHints":{"allow":["GET"]}}],"collection":[{"href":"https:\/\/karwodrza.pl\/index.php\/wp-json\/wp\/v2\/posts"}],"about":[{"href":"https:\/\/karwodrza.pl\/index.php\/wp-json\/wp\/v2\/types\/post"}],"author":[{"embeddable":true,"href":"https:\/\/karwodrza.pl\/index.php\/wp-json\/wp\/v2\/users\/2"}],"replies":[{"embeddable":true,"href":"https:\/\/karwodrza.pl\/index.php\/wp-json\/wp\/v2\/comments?post=1313"}],"version-history":[{"count":1,"href":"https:\/\/karwodrza.pl\/index.php\/wp-json\/wp\/v2\/posts\/1313\/revisions"}],"predecessor-version":[{"id":1315,"href":"https:\/\/karwodrza.pl\/index.php\/wp-json\/wp\/v2\/posts\/1313\/revisions\/1315"}],"wp:attachment":[{"href":"https:\/\/karwodrza.pl\/index.php\/wp-json\/wp\/v2\/media?parent=1313"}],"wp:term":[{"taxonomy":"category","embeddable":true,"href":"https:\/\/karwodrza.pl\/index.php\/wp-json\/wp\/v2\/categories?post=1313"},{"taxonomy":"post_tag","embeddable":true,"href":"https:\/\/karwodrza.pl\/index.php\/wp-json\/wp\/v2\/tags?post=1313"}],"curies":[{"name":"wp","href":"https:\/\/api.w.org\/{rel}","templated":true}]}}