{"id":1308,"date":"2019-01-20T16:08:22","date_gmt":"2019-01-20T15:08:22","guid":{"rendered":"http:\/\/karwodrza.pl\/?p=1308"},"modified":"2019-01-20T16:08:26","modified_gmt":"2019-01-20T15:08:26","slug":"wystawa-panstwa-fleszarow-w-tarnowie","status":"publish","type":"post","link":"https:\/\/karwodrza.pl\/index.php\/2019\/01\/20\/wystawa-panstwa-fleszarow-w-tarnowie\/","title":{"rendered":"Wystawa Pa\u0144stwa Fleszar\u00f3w w Tarnowie."},"content":{"rendered":"\n<p style=\"text-align:center\"><strong>W czwartek, 24 stycznia tarnowskie BWA zaprasza na wernisa\u017c wystawy Ewy i Romana Fleszar\u00f3w \u201ePrzestrzenie r\u00f3wnoleg\u0142e 2019\u201d, po\u0142\u0105czony z noworocznym spotkaniem \u015brodowisk tw\u00f3rczych. Wiecz\u00f3r u\u015bwietni koncert muzyki elektronicznej. <\/strong><\/p>\n\n\n\n<p style=\"text-align:center\"><strong>Szczeg\u00f3\u0142y w poni\u017cszym linku:<\/strong><\/p>\n\n\n\n<p style=\"text-align:center\"><a href=\"http:\/\/tarnow.net.pl\/articles\/s\/i\/248456?fbclid=IwAR1sAPXx6Li00Lm3W-XyrcDt-ac00M0nXkXd1itqFq8utqeEOpymAJz7-sw#Ewa-i-Roman-Fleszarowie-na-wsp%C3%B3lnej-wystawie-w-BWA\">http:\/\/tarnow.net.pl\/articles\/s\/i\/248456?fbclid=IwAR1sAPXx6Li00Lm3W-XyrcDt-ac00M0nXkXd1itqFq8utqeEOpymAJz7-sw#Ewa-i-Roman-Fleszarowie-na-wsp%C3%B3lnej-wystawie-w-BWA<\/a><\/p>\n","protected":false},"excerpt":{"rendered":"<p>W czwartek, 24 stycznia tarnowskie BWA zaprasza na wernisa\u017c wystawy Ewy i Romana Fleszar\u00f3w \u201ePrzestrzenie r\u00f3wnoleg\u0142e 2019\u201d, po\u0142\u0105czony z noworocznym spotkaniem \u015brodowisk tw\u00f3rczych. Wiecz\u00f3r u\u015bwietni koncert muzyki elektronicznej. Szczeg\u00f3\u0142y w poni\u017cszym linku: http:\/\/tarnow.net.pl\/articles\/s\/i\/248456?fbclid=IwAR1sAPXx6Li00Lm3W-XyrcDt-ac00M0nXkXd1itqFq8utqeEOpymAJz7-sw#Ewa-i-Roman-Fleszarowie-na-wsp%C3%B3lnej-wystawie-w-BWA<\/p>\n","protected":false},"author":2,"featured_media":0,"comment_status":"open","ping_status":"open","sticky":false,"template":"","format":"standard","meta":{"footnotes":""},"categories":[1],"tags":[],"class_list":["post-1308","post","type-post","status-publish","format-standard","hentry","category-bez-kategorii"],"_links":{"self":[{"href":"https:\/\/karwodrza.pl\/index.php\/wp-json\/wp\/v2\/posts\/1308","targetHints":{"allow":["GET"]}}],"collection":[{"href":"https:\/\/karwodrza.pl\/index.php\/wp-json\/wp\/v2\/posts"}],"about":[{"href":"https:\/\/karwodrza.pl\/index.php\/wp-json\/wp\/v2\/types\/post"}],"author":[{"embeddable":true,"href":"https:\/\/karwodrza.pl\/index.php\/wp-json\/wp\/v2\/users\/2"}],"replies":[{"embeddable":true,"href":"https:\/\/karwodrza.pl\/index.php\/wp-json\/wp\/v2\/comments?post=1308"}],"version-history":[{"count":3,"href":"https:\/\/karwodrza.pl\/index.php\/wp-json\/wp\/v2\/posts\/1308\/revisions"}],"predecessor-version":[{"id":1312,"href":"https:\/\/karwodrza.pl\/index.php\/wp-json\/wp\/v2\/posts\/1308\/revisions\/1312"}],"wp:attachment":[{"href":"https:\/\/karwodrza.pl\/index.php\/wp-json\/wp\/v2\/media?parent=1308"}],"wp:term":[{"taxonomy":"category","embeddable":true,"href":"https:\/\/karwodrza.pl\/index.php\/wp-json\/wp\/v2\/categories?post=1308"},{"taxonomy":"post_tag","embeddable":true,"href":"https:\/\/karwodrza.pl\/index.php\/wp-json\/wp\/v2\/tags?post=1308"}],"curies":[{"name":"wp","href":"https:\/\/api.w.org\/{rel}","templated":true}]}}